{"id":8943,"date":"2023-03-08T17:03:52","date_gmt":"2023-03-08T20:03:52","guid":{"rendered":"https:\/\/observadorserrano.com.ar\/?p=8943"},"modified":"2023-03-08T17:03:52","modified_gmt":"2023-03-08T20:03:52","slug":"sonia-cristina-orono-q-e-p-d-fallecio-en-tornquist-el-08-de-marzo-de-2023-a-los-53-anos-de-edad","status":"publish","type":"post","link":"https:\/\/observadorserrano.com.ar\/?p=8943","title":{"rendered":"Sonia Cristina ORO\u00d1O \u2014Q.E.P.D.\u2013: Falleci\u00f3 en Tornquist el 08 de Marzo de 2023 a los 53 a\u00f1os de edad."},"content":{"rendered":"<div class=\"pf-content\"><p><span lang=\"ES-TRAD\">Sonia Cristina ORO\u00d1O \u2014<\/span><span lang=\"ES-TRAD\">Q.E.P.D.\u2013: Falleci\u00f3 en Tornquist el 08 de Marzo de 2023 a los 53 a\u00f1os de edad. Sus hijos Yesica, Cristian, Priscila y Oscar BARRIONUEVO. Familiares, amistades y dem\u00e1s deudos participan su deceso y comunican que sus restos fueron inhumados en la necr\u00f3polis de nuestra localidad. Casa de duelo intendente Ruppel 475, Tornquist. Servicio a cargo de\u00a0<u><\/u>la Cooperativa El\u00e9ctrica<u><\/u>\u00a0Limitada de Tornquist.<\/span><\/p>\n<\/div>","protected":false},"excerpt":{"rendered":"<p>Sonia Cristina ORO\u00d1O \u2014Q.E.P.D.\u2013: Falleci\u00f3 en Tornquist el 08 de Marzo de 2023 a los 53 a\u00f1os de edad. Sus hijos Yesica, Cristian, Priscila y Oscar BARRIONUEVO. Familiares, amistades y dem\u00e1s deudos participan su deceso y comunican que sus restos fueron inhumados en la necr\u00f3polis de nuestra localidad. Casa de duelo intendente Ruppel 475, Tornquist. [&hellip;]<\/p>\n","protected":false},"author":2,"featured_media":5871,"comment_status":"closed","ping_status":"closed","sticky":false,"template":"","format":"standard","meta":[],"categories":[44],"tags":[147],"_links":{"self":[{"href":"https:\/\/observadorserrano.com.ar\/index.php?rest_route=\/wp\/v2\/posts\/8943"}],"collection":[{"href":"https:\/\/observadorserrano.com.ar\/index.php?rest_route=\/wp\/v2\/posts"}],"about":[{"href":"https:\/\/observadorserrano.com.ar\/index.php?rest_route=\/wp\/v2\/types\/post"}],"author":[{"embeddable":true,"href":"https:\/\/observadorserrano.com.ar\/index.php?rest_route=\/wp\/v2\/users\/2"}],"replies":[{"embeddable":true,"href":"https:\/\/observadorserrano.com.ar\/index.php?rest_route=%2Fwp%2Fv2%2Fcomments&post=8943"}],"version-history":[{"count":1,"href":"https:\/\/observadorserrano.com.ar\/index.php?rest_route=\/wp\/v2\/posts\/8943\/revisions"}],"predecessor-version":[{"id":8944,"href":"https:\/\/observadorserrano.com.ar\/index.php?rest_route=\/wp\/v2\/posts\/8943\/revisions\/8944"}],"wp:featuredmedia":[{"embeddable":true,"href":"https:\/\/observadorserrano.com.ar\/index.php?rest_route=\/wp\/v2\/media\/5871"}],"wp:attachment":[{"href":"https:\/\/observadorserrano.com.ar\/index.php?rest_route=%2Fwp%2Fv2%2Fmedia&parent=8943"}],"wp:term":[{"taxonomy":"category","embeddable":true,"href":"https:\/\/observadorserrano.com.ar\/index.php?rest_route=%2Fwp%2Fv2%2Fcategories&post=8943"},{"taxonomy":"post_tag","embeddable":true,"href":"https:\/\/observadorserrano.com.ar\/index.php?rest_route=%2Fwp%2Fv2%2Ftags&post=8943"}],"curies":[{"name":"wp","href":"https:\/\/api.w.org\/{rel}","templated":true}]}}