{"id":8945,"date":"2023-03-08T17:14:04","date_gmt":"2023-03-08T20:14:04","guid":{"rendered":"https:\/\/observadorserrano.com.ar\/?p=8945"},"modified":"2023-03-08T17:18:36","modified_gmt":"2023-03-08T20:18:36","slug":"comunicado-de-la-ucr-por-el-dia-internacional-de-la-mujer","status":"publish","type":"post","link":"https:\/\/observadorserrano.com.ar\/?p=8945","title":{"rendered":"Comunicado de la UCR. por el D\u00eda Internacional de la Mujer"},"content":{"rendered":"<div class=\"pf-content\"><blockquote class=\"wp-embedded-content\" data-secret=\"G2BRhLh7ui\"><p><a href=\"http:\/\/www.celttv.com.ar\/index.php\/2023\/03\/08\/comunicado-de-la-ucr-por-el-dia-internacional-de-la-mujer\/\">Comunicado de la UCR. por el D\u00eda Internacional de la Mujer<\/a><\/p><\/blockquote>\n<p><iframe class=\"wp-embedded-content\" sandbox=\"allow-scripts\" security=\"restricted\" style=\"position: absolute; clip: rect(1px, 1px, 1px, 1px);\" title=\"\u00abComunicado de la UCR. por el D\u00eda Internacional de la Mujer\u00bb \u2014 CELTTV\" src=\"http:\/\/www.celttv.com.ar\/index.php\/2023\/03\/08\/comunicado-de-la-ucr-por-el-dia-internacional-de-la-mujer\/embed\/#?secret=CfGV9dyjhO#?secret=G2BRhLh7ui\" data-secret=\"G2BRhLh7ui\" width=\"500\" height=\"282\" frameborder=\"0\" marginwidth=\"0\" marginheight=\"0\" scrolling=\"no\"><\/iframe><\/p>\n<p>&nbsp;<\/p>\n<p>&nbsp;<\/p>\n<p>En el d\u00eda Internacional de la Mujer reafirmamos nuestro compromiso para seguir caminando y trabajando junto a ellas, queda mucho por lograr.<\/p>\n<p>La Uni\u00f3n C\u00edvica\u00a0Radical tuvo y tiene grandes mujeres que d\u00eda a d\u00eda nos ense\u00f1an que la lucha es constante.<\/p>\n<div>Conmemoremos este d\u00eda aportando a la igualdad de derechos que permitan una sociedad m\u00e1s justa, con menos violencia y con m\u00e1s mujeres en los lugares de poder!<\/div>\n<div><\/div>\n<div><img loading=\"lazy\" class=\"alignnone size-full wp-image-8946\" src=\"https:\/\/observadorserrano.com.ar\/wp-content\/uploads\/2023\/03\/UCR-DIA-DE-LA-MUJER.jpg\" alt=\"\" width=\"1080\" height=\"1080\" srcset=\"https:\/\/observadorserrano.com.ar\/wp-content\/uploads\/2023\/03\/UCR-DIA-DE-LA-MUJER.jpg 1080w, https:\/\/observadorserrano.com.ar\/wp-content\/uploads\/2023\/03\/UCR-DIA-DE-LA-MUJER-150x150.jpg 150w, https:\/\/observadorserrano.com.ar\/wp-content\/uploads\/2023\/03\/UCR-DIA-DE-LA-MUJER-300x300.jpg 300w, https:\/\/observadorserrano.com.ar\/wp-content\/uploads\/2023\/03\/UCR-DIA-DE-LA-MUJER-768x768.jpg 768w, https:\/\/observadorserrano.com.ar\/wp-content\/uploads\/2023\/03\/UCR-DIA-DE-LA-MUJER-1024x1024.jpg 1024w, https:\/\/observadorserrano.com.ar\/wp-content\/uploads\/2023\/03\/UCR-DIA-DE-LA-MUJER-350x350.jpg 350w, https:\/\/observadorserrano.com.ar\/wp-content\/uploads\/2023\/03\/UCR-DIA-DE-LA-MUJER-75x75.jpg 75w, https:\/\/observadorserrano.com.ar\/wp-content\/uploads\/2023\/03\/UCR-DIA-DE-LA-MUJER-750x750.jpg 750w\" sizes=\"(max-width: 1080px) 100vw, 1080px\" \/><\/div>\n<div><\/div>\n<\/div>","protected":false},"excerpt":{"rendered":"<p>Comunicado de la UCR. por el D\u00eda Internacional de la Mujer &nbsp; &nbsp; En el d\u00eda Internacional de la Mujer reafirmamos nuestro compromiso para seguir caminando y trabajando junto a ellas, queda mucho por lograr. La Uni\u00f3n C\u00edvica\u00a0Radical tuvo y tiene grandes mujeres que d\u00eda a d\u00eda nos ense\u00f1an que la lucha es constante. Conmemoremos [&hellip;]<\/p>\n","protected":false},"author":2,"featured_media":8946,"comment_status":"closed","ping_status":"closed","sticky":false,"template":"","format":"standard","meta":[],"categories":[18,43,11],"tags":[1940],"_links":{"self":[{"href":"https:\/\/observadorserrano.com.ar\/index.php?rest_route=\/wp\/v2\/posts\/8945"}],"collection":[{"href":"https:\/\/observadorserrano.com.ar\/index.php?rest_route=\/wp\/v2\/posts"}],"about":[{"href":"https:\/\/observadorserrano.com.ar\/index.php?rest_route=\/wp\/v2\/types\/post"}],"author":[{"embeddable":true,"href":"https:\/\/observadorserrano.com.ar\/index.php?rest_route=\/wp\/v2\/users\/2"}],"replies":[{"embeddable":true,"href":"https:\/\/observadorserrano.com.ar\/index.php?rest_route=%2Fwp%2Fv2%2Fcomments&post=8945"}],"version-history":[{"count":3,"href":"https:\/\/observadorserrano.com.ar\/index.php?rest_route=\/wp\/v2\/posts\/8945\/revisions"}],"predecessor-version":[{"id":8949,"href":"https:\/\/observadorserrano.com.ar\/index.php?rest_route=\/wp\/v2\/posts\/8945\/revisions\/8949"}],"wp:featuredmedia":[{"embeddable":true,"href":"https:\/\/observadorserrano.com.ar\/index.php?rest_route=\/wp\/v2\/media\/8946"}],"wp:attachment":[{"href":"https:\/\/observadorserrano.com.ar\/index.php?rest_route=%2Fwp%2Fv2%2Fmedia&parent=8945"}],"wp:term":[{"taxonomy":"category","embeddable":true,"href":"https:\/\/observadorserrano.com.ar\/index.php?rest_route=%2Fwp%2Fv2%2Fcategories&post=8945"},{"taxonomy":"post_tag","embeddable":true,"href":"https:\/\/observadorserrano.com.ar\/index.php?rest_route=%2Fwp%2Fv2%2Ftags&post=8945"}],"curies":[{"name":"wp","href":"https:\/\/api.w.org\/{rel}","templated":true}]}}