{"id":8959,"date":"2023-03-10T17:21:42","date_gmt":"2023-03-10T20:21:42","guid":{"rendered":"https:\/\/observadorserrano.com.ar\/?p=8959"},"modified":"2023-03-10T17:21:42","modified_gmt":"2023-03-10T20:21:42","slug":"bordoni-se-reunio-con-las-mujeres-del-departamento-ejecutivo-que-representan-la-mitad-de-su-gabinete","status":"publish","type":"post","link":"https:\/\/observadorserrano.com.ar\/?p=8959","title":{"rendered":"Bordoni se reuni\u00f3 con las mujeres del Departamento Ejecutivo, que representan la mitad de su gabinete"},"content":{"rendered":"<div class=\"pf-content\"><blockquote class=\"wp-embedded-content\" data-secret=\"9q89TPHHfD\"><p><a href=\"http:\/\/www.celttv.com.ar\/index.php\/2023\/03\/10\/bordoni-se-reunio-con-las-mujeres-del-departamento-ejecutivo-que-representan-la-mitad-de-su-gabinete\/\">Bordoni se reuni\u00f3 con las mujeres del Departamento Ejecutivo, que representan la mitad de su gabinete<\/a><\/p><\/blockquote>\n<p><iframe class=\"wp-embedded-content\" sandbox=\"allow-scripts\" security=\"restricted\" style=\"position: absolute; clip: rect(1px, 1px, 1px, 1px);\" title=\"\u00abBordoni se reuni\u00f3 con las mujeres del Departamento Ejecutivo, que representan la mitad de su gabinete\u00bb \u2014 CELTTV\" src=\"http:\/\/www.celttv.com.ar\/index.php\/2023\/03\/10\/bordoni-se-reunio-con-las-mujeres-del-departamento-ejecutivo-que-representan-la-mitad-de-su-gabinete\/embed\/#?secret=PLp0oLHuI2#?secret=9q89TPHHfD\" data-secret=\"9q89TPHHfD\" width=\"500\" height=\"282\" frameborder=\"0\" marginwidth=\"0\" marginheight=\"0\" scrolling=\"no\"><\/iframe><\/p>\n<p>Este viernes, en el marco de actividades por el D\u00eda Internacional de la Mujer Trabajadora, el intendente Sergio Bordoni se reuni\u00f3 con las mujeres que integran el Departamento Ejecutivo, que representan la mitad del Gabinete municipal.<\/p>\n<p>El encuentro con las funcionarias tuvo lugar en el Museo Casa de la Historia, donde se destac\u00f3 la relevancia que tienen las mujeres dentro del gobierno comunal y su participaci\u00f3n activa en la toma de decisiones diarias.<\/p>\n<p>Asimismo, se plante\u00f3 la necesidad de pensar las situaciones de violencia por razones de g\u00e9nero que se presentan en los diferentes \u00e1mbitos, para continuar impulsado estrategias y pol\u00edticas p\u00fablicas desde la gesti\u00f3n.<\/p>\n<p>En ese sentido, confirmaron que se capacitar\u00e1 a todo el personal de planta de empleados y a los miembros del Ejecutivo en el marco de la Ley Micaela y, que este a\u00f1o, el enfoque estar\u00e1 en la igualdad, abordando temas vinculados a las masculinidades.<\/p>\n<p>\u201cFestejo estos encuentros, celebro tener la cantidad de mujeres que tengo en mi equipo, me cambiaron muchas miradas y la forma de hacer pol\u00edtica. Las convoco a seguir trabajando, al lado de la gente, en la calle y resolviendo los problemas de los vecinos y vecinas del distrito\u201d, manifest\u00f3 el intendente durante la jornada.<\/p>\n<p>Participaron las secretarias Estefan\u00eda Bordoni (Hacienda), Mar\u00eda Graciela Musso (Desarrollo Social), y Noelia Baier (Salud); las subsecretarias Daniela Aguilar (Juventudes, Pol\u00edticas de G\u00e9nero y Diversidades), Sof\u00eda Urriaga (Deportes), Nadia P\u00e9rez (Comunicaci\u00f3n), Rosario Moroncini (Obras P\u00fablicas), Luc\u00eda Urriaga (Cultura), Melisa Herrada (Ambiente), Bel\u00e9n L\u00e1digan (Desarrollo Social), y Eliana Arzer (Bromatolog\u00eda).<\/p>\n<p>Tambi\u00e9n, las directoras Cecilia Conti (Hospital Municipal \u2018Dr. Alberto Castro\u2019), Carla Pollio (Hospital Menor \u2018Dr. Emilia Aldaya), y Dafne Janyistabro (Planificaci\u00f3n y Desarrollo Urban\u00edstico); las delegadas municipales Florencia Testa (Villa Ventana) y Betiana Cardelli Dupuy (Chasic\u00f3), y la concejal Viviana Montibeller.<\/p>\n<p><img loading=\"lazy\" class=\"alignnone size-full wp-image-8960\" src=\"https:\/\/observadorserrano.com.ar\/wp-content\/uploads\/2023\/03\/Reunion-mujeres-gabinete-1.jpeg\" alt=\"\" width=\"1280\" height=\"807\" srcset=\"https:\/\/observadorserrano.com.ar\/wp-content\/uploads\/2023\/03\/Reunion-mujeres-gabinete-1.jpeg 1280w, https:\/\/observadorserrano.com.ar\/wp-content\/uploads\/2023\/03\/Reunion-mujeres-gabinete-1-300x189.jpeg 300w, https:\/\/observadorserrano.com.ar\/wp-content\/uploads\/2023\/03\/Reunion-mujeres-gabinete-1-768x484.jpeg 768w, https:\/\/observadorserrano.com.ar\/wp-content\/uploads\/2023\/03\/Reunion-mujeres-gabinete-1-1024x646.jpeg 1024w, https:\/\/observadorserrano.com.ar\/wp-content\/uploads\/2023\/03\/Reunion-mujeres-gabinete-1-555x350.jpeg 555w, https:\/\/observadorserrano.com.ar\/wp-content\/uploads\/2023\/03\/Reunion-mujeres-gabinete-1-476x300.jpeg 476w, https:\/\/observadorserrano.com.ar\/wp-content\/uploads\/2023\/03\/Reunion-mujeres-gabinete-1-750x473.jpeg 750w, https:\/\/observadorserrano.com.ar\/wp-content\/uploads\/2023\/03\/Reunion-mujeres-gabinete-1-1140x719.jpeg 1140w\" sizes=\"(max-width: 1280px) 100vw, 1280px\" \/> <img loading=\"lazy\" class=\"alignnone size-noticia-750\u00d7350-recortada wp-image-8961\" src=\"https:\/\/observadorserrano.com.ar\/wp-content\/uploads\/2023\/03\/Reunion-mujeres-gabinete-1.jpg\" alt=\"\" width=\"2000\" height=\"1500\" srcset=\"https:\/\/observadorserrano.com.ar\/wp-content\/uploads\/2023\/03\/Reunion-mujeres-gabinete-1.jpg 2000w, https:\/\/observadorserrano.com.ar\/wp-content\/uploads\/2023\/03\/Reunion-mujeres-gabinete-1-300x225.jpg 300w, https:\/\/observadorserrano.com.ar\/wp-content\/uploads\/2023\/03\/Reunion-mujeres-gabinete-1-768x576.jpg 768w, https:\/\/observadorserrano.com.ar\/wp-content\/uploads\/2023\/03\/Reunion-mujeres-gabinete-1-1024x768.jpg 1024w, https:\/\/observadorserrano.com.ar\/wp-content\/uploads\/2023\/03\/Reunion-mujeres-gabinete-1-1536x1152.jpg 1536w, https:\/\/observadorserrano.com.ar\/wp-content\/uploads\/2023\/03\/Reunion-mujeres-gabinete-1-467x350.jpg 467w, https:\/\/observadorserrano.com.ar\/wp-content\/uploads\/2023\/03\/Reunion-mujeres-gabinete-1-400x300.jpg 400w, https:\/\/observadorserrano.com.ar\/wp-content\/uploads\/2023\/03\/Reunion-mujeres-gabinete-1-750x563.jpg 750w, https:\/\/observadorserrano.com.ar\/wp-content\/uploads\/2023\/03\/Reunion-mujeres-gabinete-1-1140x855.jpg 1140w\" sizes=\"(max-width: 2000px) 100vw, 2000px\" \/> <img loading=\"lazy\" class=\"alignnone size-noticia-750\u00d7350-recortada wp-image-8962\" src=\"https:\/\/observadorserrano.com.ar\/wp-content\/uploads\/2023\/03\/Reunion-mujeres-gabinete-2.jpeg\" alt=\"\" width=\"960\" height=\"782\" srcset=\"https:\/\/observadorserrano.com.ar\/wp-content\/uploads\/2023\/03\/Reunion-mujeres-gabinete-2.jpeg 960w, https:\/\/observadorserrano.com.ar\/wp-content\/uploads\/2023\/03\/Reunion-mujeres-gabinete-2-300x244.jpeg 300w, https:\/\/observadorserrano.com.ar\/wp-content\/uploads\/2023\/03\/Reunion-mujeres-gabinete-2-768x626.jpeg 768w, https:\/\/observadorserrano.com.ar\/wp-content\/uploads\/2023\/03\/Reunion-mujeres-gabinete-2-430x350.jpeg 430w, https:\/\/observadorserrano.com.ar\/wp-content\/uploads\/2023\/03\/Reunion-mujeres-gabinete-2-368x300.jpeg 368w, https:\/\/observadorserrano.com.ar\/wp-content\/uploads\/2023\/03\/Reunion-mujeres-gabinete-2-750x611.jpeg 750w\" sizes=\"(max-width: 960px) 100vw, 960px\" \/> <img loading=\"lazy\" class=\"alignnone size-noticia-750\u00d7350-recortada wp-image-8963\" src=\"https:\/\/observadorserrano.com.ar\/wp-content\/uploads\/2023\/03\/Reunion-mujeres-gabinete-2.jpg\" alt=\"\" width=\"2000\" height=\"1362\" srcset=\"https:\/\/observadorserrano.com.ar\/wp-content\/uploads\/2023\/03\/Reunion-mujeres-gabinete-2.jpg 2000w, https:\/\/observadorserrano.com.ar\/wp-content\/uploads\/2023\/03\/Reunion-mujeres-gabinete-2-300x204.jpg 300w, https:\/\/observadorserrano.com.ar\/wp-content\/uploads\/2023\/03\/Reunion-mujeres-gabinete-2-768x523.jpg 768w, https:\/\/observadorserrano.com.ar\/wp-content\/uploads\/2023\/03\/Reunion-mujeres-gabinete-2-1024x697.jpg 1024w, https:\/\/observadorserrano.com.ar\/wp-content\/uploads\/2023\/03\/Reunion-mujeres-gabinete-2-1536x1046.jpg 1536w, https:\/\/observadorserrano.com.ar\/wp-content\/uploads\/2023\/03\/Reunion-mujeres-gabinete-2-514x350.jpg 514w, https:\/\/observadorserrano.com.ar\/wp-content\/uploads\/2023\/03\/Reunion-mujeres-gabinete-2-441x300.jpg 441w, https:\/\/observadorserrano.com.ar\/wp-content\/uploads\/2023\/03\/Reunion-mujeres-gabinete-2-750x511.jpg 750w, https:\/\/observadorserrano.com.ar\/wp-content\/uploads\/2023\/03\/Reunion-mujeres-gabinete-2-1140x776.jpg 1140w\" sizes=\"(max-width: 2000px) 100vw, 2000px\" \/> <img loading=\"lazy\" class=\"alignnone size-noticia-750\u00d7350-recortada wp-image-8964\" src=\"https:\/\/observadorserrano.com.ar\/wp-content\/uploads\/2023\/03\/Reunion-mujeres-gabinete-3.jpeg\" alt=\"\" width=\"960\" height=\"1280\" srcset=\"https:\/\/observadorserrano.com.ar\/wp-content\/uploads\/2023\/03\/Reunion-mujeres-gabinete-3.jpeg 960w, https:\/\/observadorserrano.com.ar\/wp-content\/uploads\/2023\/03\/Reunion-mujeres-gabinete-3-225x300.jpeg 225w, https:\/\/observadorserrano.com.ar\/wp-content\/uploads\/2023\/03\/Reunion-mujeres-gabinete-3-768x1024.jpeg 768w, https:\/\/observadorserrano.com.ar\/wp-content\/uploads\/2023\/03\/Reunion-mujeres-gabinete-3-263x350.jpeg 263w, https:\/\/observadorserrano.com.ar\/wp-content\/uploads\/2023\/03\/Reunion-mujeres-gabinete-3-750x1000.jpeg 750w\" sizes=\"(max-width: 960px) 100vw, 960px\" \/> <img loading=\"lazy\" class=\"alignnone size-noticia-750\u00d7350-recortada wp-image-8965\" src=\"https:\/\/observadorserrano.com.ar\/wp-content\/uploads\/2023\/03\/Reunion-mujeres-gabinete-3.jpg\" alt=\"\" width=\"2000\" height=\"1398\" srcset=\"https:\/\/observadorserrano.com.ar\/wp-content\/uploads\/2023\/03\/Reunion-mujeres-gabinete-3.jpg 2000w, https:\/\/observadorserrano.com.ar\/wp-content\/uploads\/2023\/03\/Reunion-mujeres-gabinete-3-300x210.jpg 300w, https:\/\/observadorserrano.com.ar\/wp-content\/uploads\/2023\/03\/Reunion-mujeres-gabinete-3-768x537.jpg 768w, https:\/\/observadorserrano.com.ar\/wp-content\/uploads\/2023\/03\/Reunion-mujeres-gabinete-3-1024x716.jpg 1024w, https:\/\/observadorserrano.com.ar\/wp-content\/uploads\/2023\/03\/Reunion-mujeres-gabinete-3-1536x1074.jpg 1536w, https:\/\/observadorserrano.com.ar\/wp-content\/uploads\/2023\/03\/Reunion-mujeres-gabinete-3-501x350.jpg 501w, https:\/\/observadorserrano.com.ar\/wp-content\/uploads\/2023\/03\/Reunion-mujeres-gabinete-3-429x300.jpg 429w, https:\/\/observadorserrano.com.ar\/wp-content\/uploads\/2023\/03\/Reunion-mujeres-gabinete-3-150x105.jpg 150w, https:\/\/observadorserrano.com.ar\/wp-content\/uploads\/2023\/03\/Reunion-mujeres-gabinete-3-750x524.jpg 750w, https:\/\/observadorserrano.com.ar\/wp-content\/uploads\/2023\/03\/Reunion-mujeres-gabinete-3-1140x797.jpg 1140w\" sizes=\"(max-width: 2000px) 100vw, 2000px\" \/> <img loading=\"lazy\" class=\"alignnone size-noticia-750\u00d7350-recortada wp-image-8966\" src=\"https:\/\/observadorserrano.com.ar\/wp-content\/uploads\/2023\/03\/Reunion-mujeres-gabinete-4.jpg\" alt=\"\" width=\"2000\" height=\"1394\" srcset=\"https:\/\/observadorserrano.com.ar\/wp-content\/uploads\/2023\/03\/Reunion-mujeres-gabinete-4.jpg 2000w, https:\/\/observadorserrano.com.ar\/wp-content\/uploads\/2023\/03\/Reunion-mujeres-gabinete-4-300x209.jpg 300w, https:\/\/observadorserrano.com.ar\/wp-content\/uploads\/2023\/03\/Reunion-mujeres-gabinete-4-768x535.jpg 768w, https:\/\/observadorserrano.com.ar\/wp-content\/uploads\/2023\/03\/Reunion-mujeres-gabinete-4-1024x714.jpg 1024w, https:\/\/observadorserrano.com.ar\/wp-content\/uploads\/2023\/03\/Reunion-mujeres-gabinete-4-1536x1071.jpg 1536w, https:\/\/observadorserrano.com.ar\/wp-content\/uploads\/2023\/03\/Reunion-mujeres-gabinete-4-502x350.jpg 502w, https:\/\/observadorserrano.com.ar\/wp-content\/uploads\/2023\/03\/Reunion-mujeres-gabinete-4-430x300.jpg 430w, https:\/\/observadorserrano.com.ar\/wp-content\/uploads\/2023\/03\/Reunion-mujeres-gabinete-4-150x105.jpg 150w, https:\/\/observadorserrano.com.ar\/wp-content\/uploads\/2023\/03\/Reunion-mujeres-gabinete-4-750x523.jpg 750w, https:\/\/observadorserrano.com.ar\/wp-content\/uploads\/2023\/03\/Reunion-mujeres-gabinete-4-1140x795.jpg 1140w\" sizes=\"(max-width: 2000px) 100vw, 2000px\" \/><\/p>\n<\/div>","protected":false},"excerpt":{"rendered":"<p>Bordoni se reuni\u00f3 con las mujeres del Departamento Ejecutivo, que representan la mitad de su gabinete Este viernes, en el marco de actividades por el D\u00eda Internacional de la Mujer Trabajadora, el intendente Sergio Bordoni se reuni\u00f3 con las mujeres que integran el Departamento Ejecutivo, que representan la mitad del Gabinete municipal. El encuentro con [&hellip;]<\/p>\n","protected":false},"author":2,"featured_media":8960,"comment_status":"closed","ping_status":"closed","sticky":false,"template":"","format":"standard","meta":[],"categories":[18,43,45],"tags":[1942,1943],"_links":{"self":[{"href":"https:\/\/observadorserrano.com.ar\/index.php?rest_route=\/wp\/v2\/posts\/8959"}],"collection":[{"href":"https:\/\/observadorserrano.com.ar\/index.php?rest_route=\/wp\/v2\/posts"}],"about":[{"href":"https:\/\/observadorserrano.com.ar\/index.php?rest_route=\/wp\/v2\/types\/post"}],"author":[{"embeddable":true,"href":"https:\/\/observadorserrano.com.ar\/index.php?rest_route=\/wp\/v2\/users\/2"}],"replies":[{"embeddable":true,"href":"https:\/\/observadorserrano.com.ar\/index.php?rest_route=%2Fwp%2Fv2%2Fcomments&post=8959"}],"version-history":[{"count":1,"href":"https:\/\/observadorserrano.com.ar\/index.php?rest_route=\/wp\/v2\/posts\/8959\/revisions"}],"predecessor-version":[{"id":8967,"href":"https:\/\/observadorserrano.com.ar\/index.php?rest_route=\/wp\/v2\/posts\/8959\/revisions\/8967"}],"wp:featuredmedia":[{"embeddable":true,"href":"https:\/\/observadorserrano.com.ar\/index.php?rest_route=\/wp\/v2\/media\/8960"}],"wp:attachment":[{"href":"https:\/\/observadorserrano.com.ar\/index.php?rest_route=%2Fwp%2Fv2%2Fmedia&parent=8959"}],"wp:term":[{"taxonomy":"category","embeddable":true,"href":"https:\/\/observadorserrano.com.ar\/index.php?rest_route=%2Fwp%2Fv2%2Fcategories&post=8959"},{"taxonomy":"post_tag","embeddable":true,"href":"https:\/\/observadorserrano.com.ar\/index.php?rest_route=%2Fwp%2Fv2%2Ftags&post=8959"}],"curies":[{"name":"wp","href":"https:\/\/api.w.org\/{rel}","templated":true}]}}