{"id":8968,"date":"2023-03-10T21:25:06","date_gmt":"2023-03-11T00:25:06","guid":{"rendered":"https:\/\/observadorserrano.com.ar\/?p=8968"},"modified":"2023-03-10T21:25:06","modified_gmt":"2023-03-11T00:25:06","slug":"todo-listo-para-la-8va-fiesta-provincial-de-la-vendimia-video","status":"publish","type":"post","link":"https:\/\/observadorserrano.com.ar\/?p=8968","title":{"rendered":"Todo listo para la 8va. Fiesta Provincial de la Vendimia (VIDEO)"},"content":{"rendered":"<div class=\"pf-content\"><blockquote class=\"wp-embedded-content\" data-secret=\"4kM25ZphzW\"><p><a href=\"http:\/\/www.celttv.com.ar\/index.php\/2023\/03\/10\/todo-listo-para-la-8va-fiesta-provincial-de-la-vendimia-video\/\">Todo listo para la 8va. Fiesta Provincial de la Vendimia (VIDEO)<\/a><\/p><\/blockquote>\n<p><iframe class=\"wp-embedded-content\" sandbox=\"allow-scripts\" security=\"restricted\" style=\"position: absolute; clip: rect(1px, 1px, 1px, 1px);\" title=\"\u00abTodo listo para la 8va. Fiesta Provincial de la Vendimia (VIDEO)\u00bb \u2014 CELTTV\" src=\"http:\/\/www.celttv.com.ar\/index.php\/2023\/03\/10\/todo-listo-para-la-8va-fiesta-provincial-de-la-vendimia-video\/embed\/#?secret=bq7oghUvW2#?secret=4kM25ZphzW\" data-secret=\"4kM25ZphzW\" width=\"500\" height=\"282\" frameborder=\"0\" marginwidth=\"0\" marginheight=\"0\" scrolling=\"no\"><\/iframe><\/p>\n<p>El Secretario de Producci\u00f3n Victor Ant\u00f3n confirm\u00f3, en di\u00e1logo con CELTTV Noticias, la presencia para la 8va. Fiesta Provincial de la Vendimia,\u00a0 del Ministro de Producci\u00f3n, Ciencia e Innovaci\u00f3n Tecnol\u00f3gica Augusto Costa y el Ministro de Desarrollo Agrario Javier Rodriguez.<\/p>\n<p>En horas de la ma\u00f1ana del s\u00e1bado ambas autoridades, acompa\u00f1ados por el Intendente Bordoni e integrantes de su gabinete, recorrer\u00e1n las obras del Sector Industrial Planificado y el emprendimiento del Balc\u00f3n del Arroyo SRL. y a media tarde, luego de participar de una mesa productiva en el marco de la 8va. Fiesta Provincial de la Vendimia, brindar\u00e1n una conferencia de prensa.<\/p>\n<p><img loading=\"lazy\" class=\"alignnone size-medium wp-image-74191\" src=\"http:\/\/www.celttv.com.ar\/wp-content\/uploads\/2023\/03\/8va-Fiesta-de-la-Vendimia-1-1-240x300.jpeg\" alt=\"\" width=\"240\" height=\"300\" \/> <img loading=\"lazy\" class=\"alignnone size-medium wp-image-74192\" src=\"http:\/\/www.celttv.com.ar\/wp-content\/uploads\/2023\/03\/8va-Fiesta-de-la-Vendimia-2-1-240x300.jpeg\" alt=\"\" width=\"240\" height=\"300\" \/> <img loading=\"lazy\" class=\"alignnone size-medium wp-image-74193\" src=\"http:\/\/www.celttv.com.ar\/wp-content\/uploads\/2023\/03\/8va-Fiesta-de-la-Vendimia-3-1-240x300.jpeg\" alt=\"\" width=\"240\" height=\"300\" \/><\/p>\n<p><strong>NOTA DE CELTTV NOTICIAS CON VICTOR ANTON SECRETARIO DE PRODUCCION<\/strong><\/p>\n<div class=\"jeg_video_container jeg_video_content\"><iframe loading=\"lazy\" title=\"2023 03 10 COMUNICACION TELEFONICA CON VICTOR ANTON\" width=\"500\" height=\"281\" src=\"https:\/\/www.youtube.com\/embed\/gk0k8gnanzA?feature=oembed\" frameborder=\"0\" allow=\"accelerometer; autoplay; clipboard-write; encrypted-media; gyroscope; picture-in-picture; web-share\" allowfullscreen><\/iframe><\/div>\n<\/div>","protected":false},"excerpt":{"rendered":"<p>Todo listo para la 8va. Fiesta Provincial de la Vendimia (VIDEO) El Secretario de Producci\u00f3n Victor Ant\u00f3n confirm\u00f3, en di\u00e1logo con CELTTV Noticias, la presencia para la 8va. Fiesta Provincial de la Vendimia,\u00a0 del Ministro de Producci\u00f3n, Ciencia e Innovaci\u00f3n Tecnol\u00f3gica Augusto Costa y el Ministro de Desarrollo Agrario Javier Rodriguez. En horas de la [&hellip;]<\/p>\n","protected":false},"author":2,"featured_media":8969,"comment_status":"closed","ping_status":"closed","sticky":false,"template":"","format":"standard","meta":[],"categories":[18,43,45,9],"tags":[1944],"_links":{"self":[{"href":"https:\/\/observadorserrano.com.ar\/index.php?rest_route=\/wp\/v2\/posts\/8968"}],"collection":[{"href":"https:\/\/observadorserrano.com.ar\/index.php?rest_route=\/wp\/v2\/posts"}],"about":[{"href":"https:\/\/observadorserrano.com.ar\/index.php?rest_route=\/wp\/v2\/types\/post"}],"author":[{"embeddable":true,"href":"https:\/\/observadorserrano.com.ar\/index.php?rest_route=\/wp\/v2\/users\/2"}],"replies":[{"embeddable":true,"href":"https:\/\/observadorserrano.com.ar\/index.php?rest_route=%2Fwp%2Fv2%2Fcomments&post=8968"}],"version-history":[{"count":1,"href":"https:\/\/observadorserrano.com.ar\/index.php?rest_route=\/wp\/v2\/posts\/8968\/revisions"}],"predecessor-version":[{"id":8970,"href":"https:\/\/observadorserrano.com.ar\/index.php?rest_route=\/wp\/v2\/posts\/8968\/revisions\/8970"}],"wp:featuredmedia":[{"embeddable":true,"href":"https:\/\/observadorserrano.com.ar\/index.php?rest_route=\/wp\/v2\/media\/8969"}],"wp:attachment":[{"href":"https:\/\/observadorserrano.com.ar\/index.php?rest_route=%2Fwp%2Fv2%2Fmedia&parent=8968"}],"wp:term":[{"taxonomy":"category","embeddable":true,"href":"https:\/\/observadorserrano.com.ar\/index.php?rest_route=%2Fwp%2Fv2%2Fcategories&post=8968"},{"taxonomy":"post_tag","embeddable":true,"href":"https:\/\/observadorserrano.com.ar\/index.php?rest_route=%2Fwp%2Fv2%2Ftags&post=8968"}],"curies":[{"name":"wp","href":"https:\/\/api.w.org\/{rel}","templated":true}]}}