{"id":8971,"date":"2023-03-10T23:25:38","date_gmt":"2023-03-11T02:25:38","guid":{"rendered":"https:\/\/observadorserrano.com.ar\/?p=8971"},"modified":"2023-03-10T23:26:17","modified_gmt":"2023-03-11T02:26:17","slug":"sergio-bordoni-y-la-visita-de-autoridades-provinciales-es-muy-probable-que-tengamos-buenas-noticias","status":"publish","type":"post","link":"https:\/\/observadorserrano.com.ar\/?p=8971","title":{"rendered":"Sergio Bordoni y la visita de autoridades provinciales: &#8220;Es muy probable que tengamos buenas noticias&#8221;"},"content":{"rendered":"<div class=\"pf-content\"><blockquote class=\"wp-embedded-content\" data-secret=\"MxjQeExTEj\"><p><a href=\"http:\/\/www.celttv.com.ar\/index.php\/2023\/03\/10\/sergio-bordoni-y-la-visita-de-autoridades-provinciales-es-muy-probable-que-tengamos-buenas-noticias\/\">Sergio Bordoni y la visita de autoridades provinciales: &#8220;Es muy probable que tengamos buenas noticias&#8221;<\/a><\/p><\/blockquote>\n<p><iframe class=\"wp-embedded-content\" sandbox=\"allow-scripts\" security=\"restricted\" style=\"position: absolute; clip: rect(1px, 1px, 1px, 1px);\" title=\"\u00abSergio Bordoni y la visita de autoridades provinciales: &#8220;Es muy probable que tengamos buenas noticias&#8221;\u00bb \u2014 CELTTV\" src=\"http:\/\/www.celttv.com.ar\/index.php\/2023\/03\/10\/sergio-bordoni-y-la-visita-de-autoridades-provinciales-es-muy-probable-que-tengamos-buenas-noticias\/embed\/#?secret=hJVkiG5ECF#?secret=MxjQeExTEj\" data-secret=\"MxjQeExTEj\" width=\"500\" height=\"282\" frameborder=\"0\" marginwidth=\"0\" marginheight=\"0\" scrolling=\"no\"><\/iframe><\/p>\n<p>Sergio Bordoni recorri\u00f3 Expo Mostrarte Mujer, la feria de artesanas y emprendedoras que se realiz\u00f3 \u00e9ste viernes en la Plaza Ernesto Tornquist en adhesi\u00f3n al D\u00eda Internacional de la Mujer.<\/p>\n<p>El intendente Municipal, en di\u00e1logo con CELTTV destac\u00f3 la participaci\u00f3n de las expositoras que formaron parte del evento. Tambi\u00e9n se refiri\u00f3 al importante rol de las mujeres que forman parte de su Gabinete con quienes mantuvo una reuni\u00f3n en la ma\u00f1ana de \u00e9ste viernes.<\/p>\n<p>&#8220;Celebro tener la cantidad de mujeres que tengo en mi equipo, me cambiaron muchas miradas y la forma de hacer pol\u00edtica. Las convoco a seguir trabajando, al lado de la gente, en la calle y resolviendo los problemas de los vecinos y vecinas del distrito\u201d.<\/p>\n<p>Respecto a la visita de autoridades provinciales para \u00e9ste fin de semana para participar de la 8va. edici\u00f3n de la Fiesta de la Vendimia, el Intendente se\u00f1al\u00f3 que &#8220;Nos visitar\u00e1n el Ministro de Producci\u00f3n, Ciencia e Innovaci\u00f3n Tecnol\u00f3gica, <strong>Augusto Costas<\/strong> y el Ministro de Desarrollo Agrario, <strong>Javier Rodr\u00edguez<\/strong> y es muy probable que tengamos buenas noticias respecto al apoyo financiero que necesita el proyecto del Balc\u00f3n del Arroyo que generar\u00e1 una cantidad importante de mano de obra&#8221; adelant\u00f3 el jefe comunal.<\/p>\n<p>Tambi\u00e9n se refiri\u00f3 a obras de infraestructura con la que se debe dotar al sector industrial planificado como el soterramiento de una l\u00ednea de media tensi\u00f3n, el pavimento articulado y la fibra \u00f3ptica.<\/p>\n<p>&#8220;Tenemos que seguir generando mas recursos y gestionando con la provincia para seguir haciendo las obras que necesita el Parque Industrial&#8221; cerr\u00f3 Bordoni.<\/p>\n<p><strong>VIDEO: NOTA DE CELTTV NOTICIAS CON EL INTENDENTE SERGIO BORDONI<\/strong><\/p>\n<div class=\"jeg_video_container jeg_video_content\"><iframe loading=\"lazy\" title=\"2023 03 10 NOTA A SERGIO BORDONI\" width=\"500\" height=\"281\" src=\"https:\/\/www.youtube.com\/embed\/wk3rpuRjdlY?feature=oembed\" frameborder=\"0\" allow=\"accelerometer; autoplay; clipboard-write; encrypted-media; gyroscope; picture-in-picture; web-share\" allowfullscreen><\/iframe><\/div>\n<\/div>","protected":false},"excerpt":{"rendered":"<p>Sergio Bordoni y la visita de autoridades provinciales: &#8220;Es muy probable que tengamos buenas noticias&#8221; Sergio Bordoni recorri\u00f3 Expo Mostrarte Mujer, la feria de artesanas y emprendedoras que se realiz\u00f3 \u00e9ste viernes en la Plaza Ernesto Tornquist en adhesi\u00f3n al D\u00eda Internacional de la Mujer. El intendente Municipal, en di\u00e1logo con CELTTV destac\u00f3 la participaci\u00f3n [&hellip;]<\/p>\n","protected":false},"author":2,"featured_media":8973,"comment_status":"closed","ping_status":"closed","sticky":false,"template":"","format":"standard","meta":[],"categories":[18,43,45,8],"tags":[1945],"_links":{"self":[{"href":"https:\/\/observadorserrano.com.ar\/index.php?rest_route=\/wp\/v2\/posts\/8971"}],"collection":[{"href":"https:\/\/observadorserrano.com.ar\/index.php?rest_route=\/wp\/v2\/posts"}],"about":[{"href":"https:\/\/observadorserrano.com.ar\/index.php?rest_route=\/wp\/v2\/types\/post"}],"author":[{"embeddable":true,"href":"https:\/\/observadorserrano.com.ar\/index.php?rest_route=\/wp\/v2\/users\/2"}],"replies":[{"embeddable":true,"href":"https:\/\/observadorserrano.com.ar\/index.php?rest_route=%2Fwp%2Fv2%2Fcomments&post=8971"}],"version-history":[{"count":1,"href":"https:\/\/observadorserrano.com.ar\/index.php?rest_route=\/wp\/v2\/posts\/8971\/revisions"}],"predecessor-version":[{"id":8972,"href":"https:\/\/observadorserrano.com.ar\/index.php?rest_route=\/wp\/v2\/posts\/8971\/revisions\/8972"}],"wp:featuredmedia":[{"embeddable":true,"href":"https:\/\/observadorserrano.com.ar\/index.php?rest_route=\/wp\/v2\/media\/8973"}],"wp:attachment":[{"href":"https:\/\/observadorserrano.com.ar\/index.php?rest_route=%2Fwp%2Fv2%2Fmedia&parent=8971"}],"wp:term":[{"taxonomy":"category","embeddable":true,"href":"https:\/\/observadorserrano.com.ar\/index.php?rest_route=%2Fwp%2Fv2%2Fcategories&post=8971"},{"taxonomy":"post_tag","embeddable":true,"href":"https:\/\/observadorserrano.com.ar\/index.php?rest_route=%2Fwp%2Fv2%2Ftags&post=8971"}],"curies":[{"name":"wp","href":"https:\/\/api.w.org\/{rel}","templated":true}]}}