{"id":8974,"date":"2023-03-12T00:52:44","date_gmt":"2023-03-12T03:52:44","guid":{"rendered":"https:\/\/observadorserrano.com.ar\/?p=8974"},"modified":"2023-03-12T00:52:44","modified_gmt":"2023-03-12T03:52:44","slug":"bordoni-recibio-al-ministro-de-produccion-ciencia-e-innovacion-tecnologica-en-el-sector-industrial-planificado","status":"publish","type":"post","link":"https:\/\/observadorserrano.com.ar\/?p=8974","title":{"rendered":"Bordoni recibi\u00f3 al Ministro de Producci\u00f3n, Ciencia e Innovaci\u00f3n Tecnol\u00f3gica en el Sector Industrial Planificado"},"content":{"rendered":"<div class=\"pf-content\"><blockquote class=\"wp-embedded-content\" data-secret=\"03vdfrTc62\"><p><a href=\"http:\/\/www.celttv.com.ar\/index.php\/2023\/03\/12\/bordoni-recibio-al-ministro-de-produccion-ciencia-e-innovacion-tecnologica-en-el-sector-industrial-planificado\/\">Bordoni recibi\u00f3 al Ministro de Producci\u00f3n, Ciencia e Innovaci\u00f3n Tecnol\u00f3gica en el Sector Industrial Planificado<\/a><\/p><\/blockquote>\n<p><iframe class=\"wp-embedded-content\" sandbox=\"allow-scripts\" security=\"restricted\" style=\"position: absolute; clip: rect(1px, 1px, 1px, 1px);\" title=\"\u00abBordoni recibi\u00f3 al Ministro de Producci\u00f3n, Ciencia e Innovaci\u00f3n Tecnol\u00f3gica en el Sector Industrial Planificado\u00bb \u2014 CELTTV\" src=\"http:\/\/www.celttv.com.ar\/index.php\/2023\/03\/12\/bordoni-recibio-al-ministro-de-produccion-ciencia-e-innovacion-tecnologica-en-el-sector-industrial-planificado\/embed\/#?secret=heP1rHGZzG#?secret=03vdfrTc62\" data-secret=\"03vdfrTc62\" width=\"500\" height=\"282\" frameborder=\"0\" marginwidth=\"0\" marginheight=\"0\" scrolling=\"no\"><\/iframe><\/p>\n<p>El Ministro de Producci\u00f3n, Ciencia e Innovaci\u00f3n Tecnol\u00f3gica, Augusto Costas, arrib\u00f3 a nuestro distrito en el marco de la 8va Fiesta Provincial de la Vendimia; y recorri\u00f3 el predio del Sector Industrial Planificado junto al intendente municipal, Sergio Bordoni.<\/p>\n<p>En el lugar, el titular de la cartera productiva, que estuvo acompa\u00f1ado por la Subsecretaria de Industria, Pymes y Cooperativas, Mariela Bembi y el Director Provincial de Desarrollo Territorial y Pymes, Ariel Aguilar; convers\u00f3 con productores y empresarios que comenzaron a radicarse en el lugar, a trav\u00e9s de convenios rubricados con el municipio, accediendo a parcelas que ser\u00e1n abonadas en cuotas finas con un bajo inter\u00e9s.<\/p>\n<p>Estuvieron presente representantes del proyecto \u201cEL Balc\u00f3n del Arroyo S.R.L\u201d, importante emprendimiento productivo, que tiene como objetivo darle valor agregado a la producci\u00f3n lechera del distrito, utilizando materia prima local. El mismo viene siendo acompa\u00f1ado e incentivado por el intendente municipal, quien meses atr\u00e1s otorg\u00f3 un importante cr\u00e9dito para que el emprendimiento continu\u00e9 avanzando y desarroll\u00e1ndose.<\/p>\n<p>Es importante destacar, que el pasado mes, el gobernador de la provincia Axel Kicillof, anunci\u00f3 en la conferencia de verano en Sierra de la Ventana, una nueva convocatoria a al programa \u201cArriba Parques\u201d, destinando montos de hasta $60 millones por proyecto. Gracias al mencionado programa, el Municipio dio inicio a la obra del soterramiento de la l\u00ednea de media tensi\u00f3n, mediante el cual la comuna recibi\u00f3 de la provincia casi $30.000.000; para los mencionados trabajos.<\/p>\n<p>Todas las herramientas dispuestas por la cartera productiva tienen como finalidad la regularizaci\u00f3n de los parques; meta por la cual el jefe comunal viene gestionando junto a la Secretaria de Producci\u00f3n, Comercio e Industria.<\/p>\n<p>Acompa\u00f1aron en la vista, el secretario de Gobierno y Seguridad, Ezequiel Gabella; la Secretaria de Hacienda, Estefania Bordoni; el Secretario de Obras y Servicios P\u00fablicos, Bruno P\u00e1ez, el Secretario de Producci\u00f3n, Comercio e Industria, V\u00edctor Ant\u00f3n; el Secretario de Turismo, Gustavo Sandobal, la Subsecretaria de Ambiente, Melisa Herrada; la Subsecretaria de Infraestructura y Urbanismo, Rosario Moroncini, el Director de Planificaci\u00f3n y Desarrollo Tur\u00edstico, Jerem\u00edas Le\u00f3n, la Directora del Hospital Menor de Sierra de la Ventana, Carla Polio; el delegado de Saldungaray, Gerardo Rolhman y el subsecretario de Desarrollo Social de la misma localidad, Facundo Pereyra.<\/p>\n<p><img loading=\"lazy\" class=\"alignnone size-full wp-image-8975\" src=\"https:\/\/observadorserrano.com.ar\/wp-content\/uploads\/2023\/03\/sip.jpeg\" alt=\"\" width=\"640\" height=\"426\" srcset=\"https:\/\/observadorserrano.com.ar\/wp-content\/uploads\/2023\/03\/sip.jpeg 640w, https:\/\/observadorserrano.com.ar\/wp-content\/uploads\/2023\/03\/sip-300x200.jpeg 300w, https:\/\/observadorserrano.com.ar\/wp-content\/uploads\/2023\/03\/sip-526x350.jpeg 526w, https:\/\/observadorserrano.com.ar\/wp-content\/uploads\/2023\/03\/sip-451x300.jpeg 451w\" sizes=\"(max-width: 640px) 100vw, 640px\" \/> <img loading=\"lazy\" class=\"alignnone size-noticia-750\u00d7350-recortada wp-image-8976\" src=\"https:\/\/observadorserrano.com.ar\/wp-content\/uploads\/2023\/03\/sip2.jpeg\" alt=\"\" width=\"640\" height=\"426\" srcset=\"https:\/\/observadorserrano.com.ar\/wp-content\/uploads\/2023\/03\/sip2.jpeg 640w, https:\/\/observadorserrano.com.ar\/wp-content\/uploads\/2023\/03\/sip2-300x200.jpeg 300w, https:\/\/observadorserrano.com.ar\/wp-content\/uploads\/2023\/03\/sip2-526x350.jpeg 526w, https:\/\/observadorserrano.com.ar\/wp-content\/uploads\/2023\/03\/sip2-451x300.jpeg 451w\" sizes=\"(max-width: 640px) 100vw, 640px\" \/> <img loading=\"lazy\" class=\"alignnone size-noticia-750\u00d7350-recortada wp-image-8977\" src=\"https:\/\/observadorserrano.com.ar\/wp-content\/uploads\/2023\/03\/sip3.jpeg\" alt=\"\" width=\"640\" height=\"426\" srcset=\"https:\/\/observadorserrano.com.ar\/wp-content\/uploads\/2023\/03\/sip3.jpeg 640w, https:\/\/observadorserrano.com.ar\/wp-content\/uploads\/2023\/03\/sip3-300x200.jpeg 300w, https:\/\/observadorserrano.com.ar\/wp-content\/uploads\/2023\/03\/sip3-526x350.jpeg 526w, https:\/\/observadorserrano.com.ar\/wp-content\/uploads\/2023\/03\/sip3-451x300.jpeg 451w\" sizes=\"(max-width: 640px) 100vw, 640px\" \/> <img loading=\"lazy\" class=\"alignnone size-noticia-750\u00d7350-recortada wp-image-8978\" src=\"https:\/\/observadorserrano.com.ar\/wp-content\/uploads\/2023\/03\/sip4.jpeg\" alt=\"\" width=\"640\" height=\"426\" srcset=\"https:\/\/observadorserrano.com.ar\/wp-content\/uploads\/2023\/03\/sip4.jpeg 640w, https:\/\/observadorserrano.com.ar\/wp-content\/uploads\/2023\/03\/sip4-300x200.jpeg 300w, https:\/\/observadorserrano.com.ar\/wp-content\/uploads\/2023\/03\/sip4-526x350.jpeg 526w, https:\/\/observadorserrano.com.ar\/wp-content\/uploads\/2023\/03\/sip4-451x300.jpeg 451w\" sizes=\"(max-width: 640px) 100vw, 640px\" \/> <img loading=\"lazy\" class=\"alignnone size-noticia-750\u00d7350-recortada wp-image-8979\" src=\"https:\/\/observadorserrano.com.ar\/wp-content\/uploads\/2023\/03\/sip5.jpeg\" alt=\"\" width=\"640\" height=\"426\" srcset=\"https:\/\/observadorserrano.com.ar\/wp-content\/uploads\/2023\/03\/sip5.jpeg 640w, https:\/\/observadorserrano.com.ar\/wp-content\/uploads\/2023\/03\/sip5-300x200.jpeg 300w, https:\/\/observadorserrano.com.ar\/wp-content\/uploads\/2023\/03\/sip5-526x350.jpeg 526w, https:\/\/observadorserrano.com.ar\/wp-content\/uploads\/2023\/03\/sip5-451x300.jpeg 451w\" sizes=\"(max-width: 640px) 100vw, 640px\" \/> <img loading=\"lazy\" class=\"alignnone size-noticia-750\u00d7350-recortada wp-image-8980\" src=\"https:\/\/observadorserrano.com.ar\/wp-content\/uploads\/2023\/03\/sip6.jpeg\" alt=\"\" width=\"640\" height=\"426\" srcset=\"https:\/\/observadorserrano.com.ar\/wp-content\/uploads\/2023\/03\/sip6.jpeg 640w, https:\/\/observadorserrano.com.ar\/wp-content\/uploads\/2023\/03\/sip6-300x200.jpeg 300w, https:\/\/observadorserrano.com.ar\/wp-content\/uploads\/2023\/03\/sip6-526x350.jpeg 526w, https:\/\/observadorserrano.com.ar\/wp-content\/uploads\/2023\/03\/sip6-451x300.jpeg 451w\" sizes=\"(max-width: 640px) 100vw, 640px\" \/> <img loading=\"lazy\" class=\"alignnone size-noticia-750\u00d7350-recortada wp-image-8981\" src=\"https:\/\/observadorserrano.com.ar\/wp-content\/uploads\/2023\/03\/sip7.jpeg\" alt=\"\" width=\"640\" height=\"426\" srcset=\"https:\/\/observadorserrano.com.ar\/wp-content\/uploads\/2023\/03\/sip7.jpeg 640w, https:\/\/observadorserrano.com.ar\/wp-content\/uploads\/2023\/03\/sip7-300x200.jpeg 300w, https:\/\/observadorserrano.com.ar\/wp-content\/uploads\/2023\/03\/sip7-526x350.jpeg 526w, https:\/\/observadorserrano.com.ar\/wp-content\/uploads\/2023\/03\/sip7-451x300.jpeg 451w\" sizes=\"(max-width: 640px) 100vw, 640px\" \/> <img loading=\"lazy\" class=\"alignnone size-noticia-750\u00d7350-recortada wp-image-8982\" src=\"https:\/\/observadorserrano.com.ar\/wp-content\/uploads\/2023\/03\/sip8.jpeg\" alt=\"\" width=\"640\" height=\"426\" srcset=\"https:\/\/observadorserrano.com.ar\/wp-content\/uploads\/2023\/03\/sip8.jpeg 640w, https:\/\/observadorserrano.com.ar\/wp-content\/uploads\/2023\/03\/sip8-300x200.jpeg 300w, https:\/\/observadorserrano.com.ar\/wp-content\/uploads\/2023\/03\/sip8-526x350.jpeg 526w, https:\/\/observadorserrano.com.ar\/wp-content\/uploads\/2023\/03\/sip8-451x300.jpeg 451w\" sizes=\"(max-width: 640px) 100vw, 640px\" \/> <img loading=\"lazy\" class=\"alignnone size-noticia-750\u00d7350-recortada wp-image-8983\" src=\"https:\/\/observadorserrano.com.ar\/wp-content\/uploads\/2023\/03\/sip10.jpeg\" alt=\"\" width=\"640\" height=\"426\" srcset=\"https:\/\/observadorserrano.com.ar\/wp-content\/uploads\/2023\/03\/sip10.jpeg 640w, https:\/\/observadorserrano.com.ar\/wp-content\/uploads\/2023\/03\/sip10-300x200.jpeg 300w, https:\/\/observadorserrano.com.ar\/wp-content\/uploads\/2023\/03\/sip10-526x350.jpeg 526w, https:\/\/observadorserrano.com.ar\/wp-content\/uploads\/2023\/03\/sip10-451x300.jpeg 451w\" sizes=\"(max-width: 640px) 100vw, 640px\" \/> <img loading=\"lazy\" class=\"alignnone size-noticia-750\u00d7350-recortada wp-image-8984\" src=\"https:\/\/observadorserrano.com.ar\/wp-content\/uploads\/2023\/03\/sip11.jpeg\" alt=\"\" width=\"640\" height=\"426\" srcset=\"https:\/\/observadorserrano.com.ar\/wp-content\/uploads\/2023\/03\/sip11.jpeg 640w, https:\/\/observadorserrano.com.ar\/wp-content\/uploads\/2023\/03\/sip11-300x200.jpeg 300w, https:\/\/observadorserrano.com.ar\/wp-content\/uploads\/2023\/03\/sip11-526x350.jpeg 526w, https:\/\/observadorserrano.com.ar\/wp-content\/uploads\/2023\/03\/sip11-451x300.jpeg 451w\" sizes=\"(max-width: 640px) 100vw, 640px\" \/> <img loading=\"lazy\" class=\"alignnone size-noticia-750\u00d7350-recortada wp-image-8985\" src=\"https:\/\/observadorserrano.com.ar\/wp-content\/uploads\/2023\/03\/sip12.jpeg\" alt=\"\" width=\"640\" height=\"426\" srcset=\"https:\/\/observadorserrano.com.ar\/wp-content\/uploads\/2023\/03\/sip12.jpeg 640w, https:\/\/observadorserrano.com.ar\/wp-content\/uploads\/2023\/03\/sip12-300x200.jpeg 300w, https:\/\/observadorserrano.com.ar\/wp-content\/uploads\/2023\/03\/sip12-526x350.jpeg 526w, https:\/\/observadorserrano.com.ar\/wp-content\/uploads\/2023\/03\/sip12-451x300.jpeg 451w\" sizes=\"(max-width: 640px) 100vw, 640px\" \/><\/p>\n<\/div>","protected":false},"excerpt":{"rendered":"<p>Bordoni recibi\u00f3 al Ministro de Producci\u00f3n, Ciencia e Innovaci\u00f3n Tecnol\u00f3gica en el Sector Industrial Planificado El Ministro de Producci\u00f3n, Ciencia e Innovaci\u00f3n Tecnol\u00f3gica, Augusto Costas, arrib\u00f3 a nuestro distrito en el marco de la 8va Fiesta Provincial de la Vendimia; y recorri\u00f3 el predio del Sector Industrial Planificado junto al intendente municipal, Sergio Bordoni. En [&hellip;]<\/p>\n","protected":false},"author":2,"featured_media":8976,"comment_status":"closed","ping_status":"closed","sticky":false,"template":"","format":"standard","meta":[],"categories":[18,43,45,8],"tags":[1946,1947],"_links":{"self":[{"href":"https:\/\/observadorserrano.com.ar\/index.php?rest_route=\/wp\/v2\/posts\/8974"}],"collection":[{"href":"https:\/\/observadorserrano.com.ar\/index.php?rest_route=\/wp\/v2\/posts"}],"about":[{"href":"https:\/\/observadorserrano.com.ar\/index.php?rest_route=\/wp\/v2\/types\/post"}],"author":[{"embeddable":true,"href":"https:\/\/observadorserrano.com.ar\/index.php?rest_route=\/wp\/v2\/users\/2"}],"replies":[{"embeddable":true,"href":"https:\/\/observadorserrano.com.ar\/index.php?rest_route=%2Fwp%2Fv2%2Fcomments&post=8974"}],"version-history":[{"count":1,"href":"https:\/\/observadorserrano.com.ar\/index.php?rest_route=\/wp\/v2\/posts\/8974\/revisions"}],"predecessor-version":[{"id":8986,"href":"https:\/\/observadorserrano.com.ar\/index.php?rest_route=\/wp\/v2\/posts\/8974\/revisions\/8986"}],"wp:featuredmedia":[{"embeddable":true,"href":"https:\/\/observadorserrano.com.ar\/index.php?rest_route=\/wp\/v2\/media\/8976"}],"wp:attachment":[{"href":"https:\/\/observadorserrano.com.ar\/index.php?rest_route=%2Fwp%2Fv2%2Fmedia&parent=8974"}],"wp:term":[{"taxonomy":"category","embeddable":true,"href":"https:\/\/observadorserrano.com.ar\/index.php?rest_route=%2Fwp%2Fv2%2Fcategories&post=8974"},{"taxonomy":"post_tag","embeddable":true,"href":"https:\/\/observadorserrano.com.ar\/index.php?rest_route=%2Fwp%2Fv2%2Ftags&post=8974"}],"curies":[{"name":"wp","href":"https:\/\/api.w.org\/{rel}","templated":true}]}}