{"id":8987,"date":"2023-03-12T01:03:38","date_gmt":"2023-03-12T04:03:38","guid":{"rendered":"https:\/\/observadorserrano.com.ar\/?p=8987"},"modified":"2023-03-12T01:03:38","modified_gmt":"2023-03-12T04:03:38","slug":"dia-del-militante-radical","status":"publish","type":"post","link":"https:\/\/observadorserrano.com.ar\/?p=8987","title":{"rendered":"DIA DEL MILITANTE RADICAL"},"content":{"rendered":"<div class=\"pf-content\"><blockquote class=\"wp-embedded-content\" data-secret=\"AlRVXH5s8c\"><p><a href=\"http:\/\/www.celttv.com.ar\/index.php\/2023\/03\/12\/12-de-marzo-dia-del-militante-radical\/\">12 de Marzo DIA DEL MILITANTE RADICAL<\/a><\/p><\/blockquote>\n<p><iframe class=\"wp-embedded-content\" sandbox=\"allow-scripts\" security=\"restricted\" style=\"position: absolute; clip: rect(1px, 1px, 1px, 1px);\" title=\"\u00ab12 de Marzo DIA DEL MILITANTE RADICAL\u00bb \u2014 CELTTV\" src=\"http:\/\/www.celttv.com.ar\/index.php\/2023\/03\/12\/12-de-marzo-dia-del-militante-radical\/embed\/#?secret=CWCP00NYPe#?secret=AlRVXH5s8c\" data-secret=\"AlRVXH5s8c\" width=\"500\" height=\"282\" frameborder=\"0\" marginwidth=\"0\" marginheight=\"0\" scrolling=\"no\"><\/iframe><\/p>\n<div>\n<div dir=\"auto\">Comunicado de la UCR.<\/div>\n<div dir=\"auto\"><strong>DIA DEL MILITANTE RADICAL<\/strong><\/div>\n<\/div>\n<div>\n<div dir=\"auto\">Como todos los a\u00f1os nos encontramos en la Rotonda &#8220;Ra\u00fal Alfons\u00edn&#8221; de Villa Ventana para celebrar el d\u00eda del militante radical, en honor al natalicio del padre de la democracia moderna, Ra\u00fal Ricardo Alfons\u00edn.<\/div>\n<div dir=\"auto\">La organizaci\u00f3n del acto, como cada a\u00f1o, es en conjunto con los SubComit\u00e9 de Sierra de la Ventana, Saldungaray y la Juventud Radical.<\/div>\n<\/div>\n<div>\n<div dir=\"auto\">\u00a1ADELANTE RADICALES!<\/div>\n<\/div>\n<p>&nbsp;<\/p>\n<\/div>","protected":false},"excerpt":{"rendered":"<p>12 de Marzo DIA DEL MILITANTE RADICAL Comunicado de la UCR. DIA DEL MILITANTE RADICAL Como todos los a\u00f1os nos encontramos en la Rotonda &#8220;Ra\u00fal Alfons\u00edn&#8221; de Villa Ventana para celebrar el d\u00eda del militante radical, en honor al natalicio del padre de la democracia moderna, Ra\u00fal Ricardo Alfons\u00edn. La organizaci\u00f3n del acto, como cada [&hellip;]<\/p>\n","protected":false},"author":2,"featured_media":8988,"comment_status":"closed","ping_status":"closed","sticky":false,"template":"","format":"standard","meta":[],"categories":[18,43,11],"tags":[1948],"_links":{"self":[{"href":"https:\/\/observadorserrano.com.ar\/index.php?rest_route=\/wp\/v2\/posts\/8987"}],"collection":[{"href":"https:\/\/observadorserrano.com.ar\/index.php?rest_route=\/wp\/v2\/posts"}],"about":[{"href":"https:\/\/observadorserrano.com.ar\/index.php?rest_route=\/wp\/v2\/types\/post"}],"author":[{"embeddable":true,"href":"https:\/\/observadorserrano.com.ar\/index.php?rest_route=\/wp\/v2\/users\/2"}],"replies":[{"embeddable":true,"href":"https:\/\/observadorserrano.com.ar\/index.php?rest_route=%2Fwp%2Fv2%2Fcomments&post=8987"}],"version-history":[{"count":1,"href":"https:\/\/observadorserrano.com.ar\/index.php?rest_route=\/wp\/v2\/posts\/8987\/revisions"}],"predecessor-version":[{"id":8989,"href":"https:\/\/observadorserrano.com.ar\/index.php?rest_route=\/wp\/v2\/posts\/8987\/revisions\/8989"}],"wp:featuredmedia":[{"embeddable":true,"href":"https:\/\/observadorserrano.com.ar\/index.php?rest_route=\/wp\/v2\/media\/8988"}],"wp:attachment":[{"href":"https:\/\/observadorserrano.com.ar\/index.php?rest_route=%2Fwp%2Fv2%2Fmedia&parent=8987"}],"wp:term":[{"taxonomy":"category","embeddable":true,"href":"https:\/\/observadorserrano.com.ar\/index.php?rest_route=%2Fwp%2Fv2%2Fcategories&post=8987"},{"taxonomy":"post_tag","embeddable":true,"href":"https:\/\/observadorserrano.com.ar\/index.php?rest_route=%2Fwp%2Fv2%2Ftags&post=8987"}],"curies":[{"name":"wp","href":"https:\/\/api.w.org\/{rel}","templated":true}]}}