{"id":9057,"date":"2023-03-18T12:52:00","date_gmt":"2023-03-18T15:52:00","guid":{"rendered":"https:\/\/observadorserrano.com.ar\/?p=9057"},"modified":"2023-03-18T12:52:00","modified_gmt":"2023-03-18T15:52:00","slug":"margarita-kilp-viuda-de-raising-nata-q-e-p-d-fallecio-en-tornquist-el-18-de-marzo-de-2023-a-los-81-anos-de-edad","status":"publish","type":"post","link":"https:\/\/observadorserrano.com.ar\/?p=9057","title":{"rendered":"Margarita KILP viuda de RAISING (\u201c\u00d1ata\u201d)&#8211;Q.E.P.D.&#8211;: Falleci\u00f3 en Tornquist, el 18 de Marzo de 2023 a los 81 a\u00f1os de edad."},"content":{"rendered":"<div class=\"pf-content\"><blockquote class=\"wp-embedded-content\" data-secret=\"pvDIGbcxWJ\"><p><a href=\"http:\/\/www.celttv.com.ar\/index.php\/2023\/03\/18\/margarita-kilp-viuda-de-raising-nata-q-e-p-d-fallecio-en-tornquist-el-18-de-marzo-de-2023-a-los-81-anos-de-edad\/\">Margarita KILP viuda de RAISING (\u201c\u00d1ata\u201d)&#8211;Q.E.P.D.&#8211;: Falleci\u00f3 en Tornquist, el 18 de Marzo de 2023 a los 81 a\u00f1os de edad<\/a><\/p><\/blockquote>\n<p><iframe class=\"wp-embedded-content\" sandbox=\"allow-scripts\" security=\"restricted\" style=\"position: absolute; clip: rect(1px, 1px, 1px, 1px);\" title=\"\u00abMargarita KILP viuda de RAISING (\u201c\u00d1ata\u201d)&#8211;Q.E.P.D.&#8211;: Falleci\u00f3 en Tornquist, el 18 de Marzo de 2023 a los 81 a\u00f1os de edad\u00bb \u2014 CELTTV\" src=\"http:\/\/www.celttv.com.ar\/index.php\/2023\/03\/18\/margarita-kilp-viuda-de-raising-nata-q-e-p-d-fallecio-en-tornquist-el-18-de-marzo-de-2023-a-los-81-anos-de-edad\/embed\/#?secret=SqAfDYi5Zh#?secret=pvDIGbcxWJ\" data-secret=\"pvDIGbcxWJ\" width=\"500\" height=\"282\" frameborder=\"0\" marginwidth=\"0\" marginheight=\"0\" scrolling=\"no\"><\/iframe><\/p>\n<p><a><b><span lang=\"ES-TRAD\">Margarita KILP viuda de RAISING (\u201c\u00d1ata\u201d)&#8211;<\/span><\/b><\/a><span lang=\"ES-TRAD\">Q.E.P.D.&#8211;: Falleci\u00f3 en Tornquist, el 18 de Marzo de 2023 a los 81 a\u00f1os de edad. Sus hijos Rub\u00e9n Rufino, Mar\u00eda Liliana, H\u00e9ctor Daniel, Ra\u00fal Alberto, Sergio Fernando, Silvia Graciela y Fabian Eduardo RAISING. Sus hijos pol\u00edticos, nietos, bisnietos, amistades y dem\u00e1s deudos, participan su deceso y comunican que sus restos, fueron inhumados el d\u00eda de hoy 18 del corriente en la necr\u00f3polis de Tornquist. Casa de duelo Calle Espa\u00f1a N\u00b0 888 de nuestra localidad. Servicio a cargo de la Cooperativa El\u00e9ctrica Limitada de Tornquist.\u00a0 <u><\/u>\u00a0<\/span><\/p>\n<\/div>","protected":false},"excerpt":{"rendered":"<p>Margarita KILP viuda de RAISING (\u201c\u00d1ata\u201d)&#8211;Q.E.P.D.&#8211;: Falleci\u00f3 en Tornquist, el 18 de Marzo de 2023 a los 81 a\u00f1os de edad Margarita KILP viuda de RAISING (\u201c\u00d1ata\u201d)&#8211;Q.E.P.D.&#8211;: Falleci\u00f3 en Tornquist, el 18 de Marzo de 2023 a los 81 a\u00f1os de edad. Sus hijos Rub\u00e9n Rufino, Mar\u00eda Liliana, H\u00e9ctor Daniel, Ra\u00fal Alberto, Sergio Fernando, Silvia [&hellip;]<\/p>\n","protected":false},"author":2,"featured_media":5691,"comment_status":"closed","ping_status":"closed","sticky":false,"template":"","format":"standard","meta":[],"categories":[44],"tags":[129],"_links":{"self":[{"href":"https:\/\/observadorserrano.com.ar\/index.php?rest_route=\/wp\/v2\/posts\/9057"}],"collection":[{"href":"https:\/\/observadorserrano.com.ar\/index.php?rest_route=\/wp\/v2\/posts"}],"about":[{"href":"https:\/\/observadorserrano.com.ar\/index.php?rest_route=\/wp\/v2\/types\/post"}],"author":[{"embeddable":true,"href":"https:\/\/observadorserrano.com.ar\/index.php?rest_route=\/wp\/v2\/users\/2"}],"replies":[{"embeddable":true,"href":"https:\/\/observadorserrano.com.ar\/index.php?rest_route=%2Fwp%2Fv2%2Fcomments&post=9057"}],"version-history":[{"count":1,"href":"https:\/\/observadorserrano.com.ar\/index.php?rest_route=\/wp\/v2\/posts\/9057\/revisions"}],"predecessor-version":[{"id":9058,"href":"https:\/\/observadorserrano.com.ar\/index.php?rest_route=\/wp\/v2\/posts\/9057\/revisions\/9058"}],"wp:featuredmedia":[{"embeddable":true,"href":"https:\/\/observadorserrano.com.ar\/index.php?rest_route=\/wp\/v2\/media\/5691"}],"wp:attachment":[{"href":"https:\/\/observadorserrano.com.ar\/index.php?rest_route=%2Fwp%2Fv2%2Fmedia&parent=9057"}],"wp:term":[{"taxonomy":"category","embeddable":true,"href":"https:\/\/observadorserrano.com.ar\/index.php?rest_route=%2Fwp%2Fv2%2Fcategories&post=9057"},{"taxonomy":"post_tag","embeddable":true,"href":"https:\/\/observadorserrano.com.ar\/index.php?rest_route=%2Fwp%2Fv2%2Ftags&post=9057"}],"curies":[{"name":"wp","href":"https:\/\/api.w.org\/{rel}","templated":true}]}}