{"id":9079,"date":"2023-03-24T15:21:57","date_gmt":"2023-03-24T18:21:57","guid":{"rendered":"https:\/\/observadorserrano.com.ar\/?p=9079"},"modified":"2023-03-24T15:21:57","modified_gmt":"2023-03-24T18:21:57","slug":"se-conmemoro-en-tornquist-el-dia-de-la-memoria-por-la-verdad-y-la-justicia-videos-y-fotos","status":"publish","type":"post","link":"https:\/\/observadorserrano.com.ar\/?p=9079","title":{"rendered":"Se conmemor\u00f3 en Tornquist el D\u00eda de la Memoria por la Verdad y la Justicia (videos y fotos)"},"content":{"rendered":"<div class=\"pf-content\"><blockquote class=\"wp-embedded-content\" data-secret=\"ZFnhDwueKp\"><p><a href=\"http:\/\/www.celttv.com.ar\/index.php\/2023\/03\/24\/se-conmemoro-en-tornquist-el-dia-de-la-memoria-por-la-verdad-y-la-justicia-videos-y-fotos\/\">Se conmemor\u00f3 en Tornquist el D\u00eda de la Memoria por la Verdad y la Justicia (videos y fotos)<\/a><\/p><\/blockquote>\n<p><iframe class=\"wp-embedded-content\" sandbox=\"allow-scripts\" security=\"restricted\" style=\"position: absolute; clip: rect(1px, 1px, 1px, 1px);\" title=\"\u00abSe conmemor\u00f3 en Tornquist el D\u00eda de la Memoria por la Verdad y la Justicia (videos y fotos)\u00bb \u2014 CELTTV\" src=\"http:\/\/www.celttv.com.ar\/index.php\/2023\/03\/24\/se-conmemoro-en-tornquist-el-dia-de-la-memoria-por-la-verdad-y-la-justicia-videos-y-fotos\/embed\/#?secret=ayuG0oequn#?secret=ZFnhDwueKp\" data-secret=\"ZFnhDwueKp\" width=\"500\" height=\"282\" frameborder=\"0\" marginwidth=\"0\" marginheight=\"0\" scrolling=\"no\"><\/iframe><\/p>\n<p>El Monumento de la Memoria en la Plaza \u2018Ernesto Tornquist\u2019, fue el escenario para conmemorar este viernes en el distrito el D\u00eda de la Memoria por la Verdad y la Justicia, a 47 a\u00f1os del \u00faltimo Golpe C\u00edvico Militar.<\/p>\n<p>El Secretario de Gobierno y Seguridad, Ezequiel Gabella, en representaci\u00f3n del intendente Sergio Bordoni, miembros del Departamento Ejecutivo, instituciones, concejales y vecinos de la comunidad, entre ellos, familiares de Mar\u00eda Cristina Gar\u00f3foli, tornquistense desparecida y asesinada durante la dictadura, estuvieron presentes en la jornada, que inici\u00f3 con la entonaci\u00f3n de las estrofas del Himno Nacional Argentino.<\/p>\n<p>\u201cHoy, al igual que el 2 de abril, conmemoramos momentos de la historia que son contempor\u00e1neas a muchos de nosotros generacionalmente y donde podemos contar con el testimonio directo de quienes lo sufrieron\u201d, dijo en sus palabras Gabella.<\/p>\n<p>\u201cEsta fecha donde se conmemora una etapa negra de la historia argentina \u2013continu\u00f3- que le arranc\u00f3 a muchas familias una parte de ellos, inevitablemente debe ser utilizada para el an\u00e1lisis y la reflexi\u00f3n, pensar en no hacer uso pol\u00edtico de esta fecha ni para un lado ni para el otro, porque son situaciones que atravesaron a todos los argentinos\u201d.<\/p>\n<p>\u201cLa reflexi\u00f3n tiene que ser con cada cosa en su lugar, tenemos que pensar como argentinos, en un a\u00f1o tan especial como este, donde se celebran nada m\u00e1s y nada menos que 40 a\u00f1os ininterrumpidos de democracia,en esa frase cuando se entregaba el informe de la Conadep y simplemente dec\u00edamos algo todos que tenemos que repetir hasta el cansancio: nunca m\u00e1s\u201d, cerr\u00f3.<\/p>\n<p>Luego, el trovador Alejandro Rodr\u00edguez interpret\u00f3 una canci\u00f3n de su aotur\u00eda referida a los desaparecidos durante la dictadura y el tema \u2018Como la cigarra\u2019, un \u00edcono de Mar\u00eda Elena Walsh y s\u00edmbolo de esperanza por los tiempos venideros.<\/p>\n<p>Para cerrar, se realiz\u00f3 un minuto de silencio en memoria de todas las v\u00edctimas del per\u00edodo negro de la historia argentina desde 1976 a 1983.<\/p>\n<div class=\"jeg_video_container jeg_video_content\"><iframe loading=\"lazy\" title=\"2023 03 24 ACTO POR LA MEMORIA 1 ROMANELA BERGESIO\" width=\"500\" height=\"281\" src=\"https:\/\/www.youtube.com\/embed\/wB8A7gGDMrM?feature=oembed\" frameborder=\"0\" allow=\"accelerometer; autoplay; clipboard-write; encrypted-media; gyroscope; picture-in-picture; web-share\" allowfullscreen><\/iframe><\/div>\n<div class=\"jeg_video_container jeg_video_content\"><iframe loading=\"lazy\" title=\"2023 03 24 ACTO POR LA MEMORIA 2 EZEQUIEL GABELLA\" width=\"500\" height=\"281\" src=\"https:\/\/www.youtube.com\/embed\/W3Xj-aXLrJg?feature=oembed\" frameborder=\"0\" allow=\"accelerometer; autoplay; clipboard-write; encrypted-media; gyroscope; picture-in-picture; web-share\" allowfullscreen><\/iframe><\/div>\n<div class=\"jeg_video_container jeg_video_content\"><iframe loading=\"lazy\" title=\"2023 03 24 ACTO POR LA MEMORIA 4 ALEJANDRO RODRIGUEZ\" width=\"500\" height=\"281\" src=\"https:\/\/www.youtube.com\/embed\/us9ED90jAI8?feature=oembed\" frameborder=\"0\" allow=\"accelerometer; autoplay; clipboard-write; encrypted-media; gyroscope; picture-in-picture; web-share\" allowfullscreen><\/iframe><\/div>\n<div class=\"jeg_video_container jeg_video_content\"><iframe loading=\"lazy\" title=\"2023 03 24 ACTO POR LA MEMORIA 3 ALEJANDRO RODRIGUEZ\" width=\"500\" height=\"281\" src=\"https:\/\/www.youtube.com\/embed\/C1li5t5FWfI?feature=oembed\" frameborder=\"0\" allow=\"accelerometer; autoplay; clipboard-write; encrypted-media; gyroscope; picture-in-picture; web-share\" allowfullscreen><\/iframe><\/div>\n<p><img loading=\"lazy\" class=\"alignnone size-medium wp-image-74501\" src=\"http:\/\/www.celttv.com.ar\/wp-content\/uploads\/2023\/03\/Acto-Dia-de-la-Memoria-tqt-1-300x200.jpeg\" alt=\"\" width=\"300\" height=\"200\" \/> <img loading=\"lazy\" class=\"alignnone size-medium wp-image-74502\" src=\"http:\/\/www.celttv.com.ar\/wp-content\/uploads\/2023\/03\/Acto-Dia-de-la-Memoria-tqt-2-300x200.jpeg\" alt=\"\" width=\"300\" height=\"200\" \/> <img loading=\"lazy\" class=\"alignnone size-medium wp-image-74503\" src=\"http:\/\/www.celttv.com.ar\/wp-content\/uploads\/2023\/03\/Acto-Dia-de-la-Memoria-tqt-3-300x200.jpeg\" alt=\"\" width=\"300\" height=\"200\" \/> <img loading=\"lazy\" class=\"alignnone size-medium wp-image-74504\" src=\"http:\/\/www.celttv.com.ar\/wp-content\/uploads\/2023\/03\/Acto-Dia-de-la-Memoria-tqt-4-300x200.jpeg\" alt=\"\" width=\"300\" height=\"200\" \/> <img loading=\"lazy\" class=\"alignnone size-medium wp-image-74505\" src=\"http:\/\/www.celttv.com.ar\/wp-content\/uploads\/2023\/03\/Acto-Dia-de-la-Memoria-tqt-5-300x200.jpeg\" alt=\"\" width=\"300\" height=\"200\" \/> <img loading=\"lazy\" class=\"alignnone size-medium wp-image-74506\" src=\"http:\/\/www.celttv.com.ar\/wp-content\/uploads\/2023\/03\/Acto-Dia-de-la-Memoria-tqt-6-300x200.jpeg\" alt=\"\" width=\"300\" height=\"200\" \/> <img loading=\"lazy\" class=\"alignnone size-medium wp-image-74507\" src=\"http:\/\/www.celttv.com.ar\/wp-content\/uploads\/2023\/03\/Acto-Dia-de-la-Memoria-tqt-7-300x200.jpeg\" alt=\"\" width=\"300\" height=\"200\" \/> <img loading=\"lazy\" class=\"alignnone size-medium wp-image-74508\" src=\"http:\/\/www.celttv.com.ar\/wp-content\/uploads\/2023\/03\/Acto-Dia-de-la-Memoria-tqt-8-300x200.jpeg\" alt=\"\" width=\"300\" height=\"200\" \/><\/p>\n<\/div>","protected":false},"excerpt":{"rendered":"<p>Se conmemor\u00f3 en Tornquist el D\u00eda de la Memoria por la Verdad y la Justicia (videos y fotos) El Monumento de la Memoria en la Plaza \u2018Ernesto Tornquist\u2019, fue el escenario para conmemorar este viernes en el distrito el D\u00eda de la Memoria por la Verdad y la Justicia, a 47 a\u00f1os del \u00faltimo Golpe [&hellip;]<\/p>\n","protected":false},"author":2,"featured_media":9080,"comment_status":"closed","ping_status":"closed","sticky":false,"template":"","format":"standard","meta":[],"categories":[18,19,43,45],"tags":[1968],"_links":{"self":[{"href":"https:\/\/observadorserrano.com.ar\/index.php?rest_route=\/wp\/v2\/posts\/9079"}],"collection":[{"href":"https:\/\/observadorserrano.com.ar\/index.php?rest_route=\/wp\/v2\/posts"}],"about":[{"href":"https:\/\/observadorserrano.com.ar\/index.php?rest_route=\/wp\/v2\/types\/post"}],"author":[{"embeddable":true,"href":"https:\/\/observadorserrano.com.ar\/index.php?rest_route=\/wp\/v2\/users\/2"}],"replies":[{"embeddable":true,"href":"https:\/\/observadorserrano.com.ar\/index.php?rest_route=%2Fwp%2Fv2%2Fcomments&post=9079"}],"version-history":[{"count":1,"href":"https:\/\/observadorserrano.com.ar\/index.php?rest_route=\/wp\/v2\/posts\/9079\/revisions"}],"predecessor-version":[{"id":9081,"href":"https:\/\/observadorserrano.com.ar\/index.php?rest_route=\/wp\/v2\/posts\/9079\/revisions\/9081"}],"wp:featuredmedia":[{"embeddable":true,"href":"https:\/\/observadorserrano.com.ar\/index.php?rest_route=\/wp\/v2\/media\/9080"}],"wp:attachment":[{"href":"https:\/\/observadorserrano.com.ar\/index.php?rest_route=%2Fwp%2Fv2%2Fmedia&parent=9079"}],"wp:term":[{"taxonomy":"category","embeddable":true,"href":"https:\/\/observadorserrano.com.ar\/index.php?rest_route=%2Fwp%2Fv2%2Fcategories&post=9079"},{"taxonomy":"post_tag","embeddable":true,"href":"https:\/\/observadorserrano.com.ar\/index.php?rest_route=%2Fwp%2Fv2%2Ftags&post=9079"}],"curies":[{"name":"wp","href":"https:\/\/api.w.org\/{rel}","templated":true}]}}