{"id":9082,"date":"2023-03-24T20:23:53","date_gmt":"2023-03-24T23:23:53","guid":{"rendered":"https:\/\/observadorserrano.com.ar\/?p=9082"},"modified":"2023-03-24T20:23:53","modified_gmt":"2023-03-24T23:23:53","slug":"dia-mundial-del-agua-el-municipio-brindo-charlas-en-jardines-de-infantes-video-y-fotos","status":"publish","type":"post","link":"https:\/\/observadorserrano.com.ar\/?p=9082","title":{"rendered":"D\u00eda Mundial del Agua: El municipio brind\u00f3 charlas en jardines de infantes (video y fotos)"},"content":{"rendered":"<div class=\"pf-content\"><blockquote class=\"wp-embedded-content\" data-secret=\"Rr1uc0ewbh\"><p><a href=\"http:\/\/www.celttv.com.ar\/index.php\/2023\/03\/24\/dia-mundial-del-agua-el-municipio-brindo-charlas-en-jardines-de-infantes-video-y-fotos\/\">D\u00eda Mundial del Agua: El municipio brind\u00f3 charlas en jardines de infantes (video y fotos)<\/a><\/p><\/blockquote>\n<p><iframe class=\"wp-embedded-content\" sandbox=\"allow-scripts\" security=\"restricted\" style=\"position: absolute; clip: rect(1px, 1px, 1px, 1px);\" title=\"\u00abD\u00eda Mundial del Agua: El municipio brind\u00f3 charlas en jardines de infantes (video y fotos)\u00bb \u2014 CELTTV\" src=\"http:\/\/www.celttv.com.ar\/index.php\/2023\/03\/24\/dia-mundial-del-agua-el-municipio-brindo-charlas-en-jardines-de-infantes-video-y-fotos\/embed\/#?secret=AykpL0hxcm#?secret=Rr1uc0ewbh\" data-secret=\"Rr1uc0ewbh\" width=\"500\" height=\"282\" frameborder=\"0\" marginwidth=\"0\" marginheight=\"0\" scrolling=\"no\"><\/iframe><\/p>\n<p>En el marco del D\u00eda Mundial del Agua, que se celebra cada 22 de marzo, la Subsecretar\u00eda de Ambiente y Desarrollo Sostenible de Tornquist Municipio brind\u00f3 charlas en jardines de infantes del distrito.<\/p>\n<p>El mi\u00e9rcoles, la iniciativa se desarroll\u00f3 en el Jard\u00edn N\u00b0 906 de Villa Ventana y, el jueves, en el N\u00b0 905 \u2018Rosario Vera Pe\u00f1aloza\u2019 de la localidad cabecera.<\/p>\n<p>Durante las jornadas, a cargo de Alejandra Goncalves y bajo el lema de este a\u00f1o denominado \u2018Acelerar el Cambio\u2019, los ni\u00f1os y las ni\u00f1as charlaron sobre la importancia de cuidar el agua y de tomar medidas que conserven el recurso m\u00e1s importante del planeta.<\/p>\n<p>Como agentes multiplicadores, aprendieron sobre diferentes acciones cotidianas que desarrollan en sus hogares que lleven a proteger el agua, haciendo un uso medido y sin desperdiciar en momentos diarios como cepillarse los dientes, lavar la vajilla, regar o lavar el auto, peque\u00f1os actos que pueden marcar una gran diferencia.<\/p>\n<div class=\"jeg_video_container jeg_video_content\"><iframe loading=\"lazy\" title=\"2023 03 24 ALEJANDRA GONCALVEZ   DIA MUNDIAL DEL AGUA\" width=\"500\" height=\"281\" src=\"https:\/\/www.youtube.com\/embed\/c3AH6synhcM?feature=oembed\" frameborder=\"0\" allow=\"accelerometer; autoplay; clipboard-write; encrypted-media; gyroscope; picture-in-picture; web-share\" allowfullscreen><\/iframe><\/div>\n<p><img loading=\"lazy\" class=\"alignnone size-full wp-image-9083\" src=\"https:\/\/observadorserrano.com.ar\/wp-content\/uploads\/2023\/03\/Charlas-Ambiente-DDA-1.jpeg\" alt=\"\" width=\"1040\" height=\"780\" srcset=\"https:\/\/observadorserrano.com.ar\/wp-content\/uploads\/2023\/03\/Charlas-Ambiente-DDA-1.jpeg 1040w, https:\/\/observadorserrano.com.ar\/wp-content\/uploads\/2023\/03\/Charlas-Ambiente-DDA-1-300x225.jpeg 300w, https:\/\/observadorserrano.com.ar\/wp-content\/uploads\/2023\/03\/Charlas-Ambiente-DDA-1-768x576.jpeg 768w, https:\/\/observadorserrano.com.ar\/wp-content\/uploads\/2023\/03\/Charlas-Ambiente-DDA-1-1024x768.jpeg 1024w, https:\/\/observadorserrano.com.ar\/wp-content\/uploads\/2023\/03\/Charlas-Ambiente-DDA-1-467x350.jpeg 467w, https:\/\/observadorserrano.com.ar\/wp-content\/uploads\/2023\/03\/Charlas-Ambiente-DDA-1-400x300.jpeg 400w, https:\/\/observadorserrano.com.ar\/wp-content\/uploads\/2023\/03\/Charlas-Ambiente-DDA-1-750x563.jpeg 750w\" sizes=\"(max-width: 1040px) 100vw, 1040px\" \/> <img loading=\"lazy\" class=\"alignnone size-noticia-750\u00d7350-recortada wp-image-9084\" src=\"https:\/\/observadorserrano.com.ar\/wp-content\/uploads\/2023\/03\/Charlas-Ambiente-DDA-2.jpeg\" alt=\"\" width=\"1200\" height=\"1054\" srcset=\"https:\/\/observadorserrano.com.ar\/wp-content\/uploads\/2023\/03\/Charlas-Ambiente-DDA-2.jpeg 1200w, https:\/\/observadorserrano.com.ar\/wp-content\/uploads\/2023\/03\/Charlas-Ambiente-DDA-2-300x264.jpeg 300w, https:\/\/observadorserrano.com.ar\/wp-content\/uploads\/2023\/03\/Charlas-Ambiente-DDA-2-768x675.jpeg 768w, https:\/\/observadorserrano.com.ar\/wp-content\/uploads\/2023\/03\/Charlas-Ambiente-DDA-2-1024x899.jpeg 1024w, https:\/\/observadorserrano.com.ar\/wp-content\/uploads\/2023\/03\/Charlas-Ambiente-DDA-2-398x350.jpeg 398w, https:\/\/observadorserrano.com.ar\/wp-content\/uploads\/2023\/03\/Charlas-Ambiente-DDA-2-342x300.jpeg 342w, https:\/\/observadorserrano.com.ar\/wp-content\/uploads\/2023\/03\/Charlas-Ambiente-DDA-2-750x659.jpeg 750w, https:\/\/observadorserrano.com.ar\/wp-content\/uploads\/2023\/03\/Charlas-Ambiente-DDA-2-1140x1001.jpeg 1140w\" sizes=\"(max-width: 1200px) 100vw, 1200px\" \/> <img loading=\"lazy\" class=\"alignnone size-noticia-750\u00d7350-recortada wp-image-9085\" src=\"https:\/\/observadorserrano.com.ar\/wp-content\/uploads\/2023\/03\/Charlas-Ambiente-DDA-3.jpeg\" alt=\"\" width=\"1600\" height=\"1200\" srcset=\"https:\/\/observadorserrano.com.ar\/wp-content\/uploads\/2023\/03\/Charlas-Ambiente-DDA-3.jpeg 1600w, https:\/\/observadorserrano.com.ar\/wp-content\/uploads\/2023\/03\/Charlas-Ambiente-DDA-3-300x225.jpeg 300w, https:\/\/observadorserrano.com.ar\/wp-content\/uploads\/2023\/03\/Charlas-Ambiente-DDA-3-768x576.jpeg 768w, https:\/\/observadorserrano.com.ar\/wp-content\/uploads\/2023\/03\/Charlas-Ambiente-DDA-3-1024x768.jpeg 1024w, https:\/\/observadorserrano.com.ar\/wp-content\/uploads\/2023\/03\/Charlas-Ambiente-DDA-3-1536x1152.jpeg 1536w, https:\/\/observadorserrano.com.ar\/wp-content\/uploads\/2023\/03\/Charlas-Ambiente-DDA-3-467x350.jpeg 467w, https:\/\/observadorserrano.com.ar\/wp-content\/uploads\/2023\/03\/Charlas-Ambiente-DDA-3-400x300.jpeg 400w, https:\/\/observadorserrano.com.ar\/wp-content\/uploads\/2023\/03\/Charlas-Ambiente-DDA-3-750x563.jpeg 750w, https:\/\/observadorserrano.com.ar\/wp-content\/uploads\/2023\/03\/Charlas-Ambiente-DDA-3-1140x855.jpeg 1140w\" sizes=\"(max-width: 1600px) 100vw, 1600px\" \/> <img loading=\"lazy\" class=\"alignnone size-noticia-750\u00d7350-recortada wp-image-9086\" src=\"https:\/\/observadorserrano.com.ar\/wp-content\/uploads\/2023\/03\/Charlas-Ambiente-DDA-4.jpeg\" alt=\"\" width=\"1200\" height=\"1600\" srcset=\"https:\/\/observadorserrano.com.ar\/wp-content\/uploads\/2023\/03\/Charlas-Ambiente-DDA-4.jpeg 1200w, https:\/\/observadorserrano.com.ar\/wp-content\/uploads\/2023\/03\/Charlas-Ambiente-DDA-4-225x300.jpeg 225w, https:\/\/observadorserrano.com.ar\/wp-content\/uploads\/2023\/03\/Charlas-Ambiente-DDA-4-768x1024.jpeg 768w, https:\/\/observadorserrano.com.ar\/wp-content\/uploads\/2023\/03\/Charlas-Ambiente-DDA-4-1152x1536.jpeg 1152w, https:\/\/observadorserrano.com.ar\/wp-content\/uploads\/2023\/03\/Charlas-Ambiente-DDA-4-263x350.jpeg 263w, https:\/\/observadorserrano.com.ar\/wp-content\/uploads\/2023\/03\/Charlas-Ambiente-DDA-4-750x1000.jpeg 750w, https:\/\/observadorserrano.com.ar\/wp-content\/uploads\/2023\/03\/Charlas-Ambiente-DDA-4-1140x1520.jpeg 1140w\" sizes=\"(max-width: 1200px) 100vw, 1200px\" \/> <img loading=\"lazy\" class=\"alignnone size-noticia-750\u00d7350-recortada wp-image-9087\" src=\"https:\/\/observadorserrano.com.ar\/wp-content\/uploads\/2023\/03\/Charlas-Ambiente-DDA-5.jpeg\" alt=\"\" width=\"1599\" height=\"900\" srcset=\"https:\/\/observadorserrano.com.ar\/wp-content\/uploads\/2023\/03\/Charlas-Ambiente-DDA-5.jpeg 1599w, https:\/\/observadorserrano.com.ar\/wp-content\/uploads\/2023\/03\/Charlas-Ambiente-DDA-5-300x169.jpeg 300w, https:\/\/observadorserrano.com.ar\/wp-content\/uploads\/2023\/03\/Charlas-Ambiente-DDA-5-768x432.jpeg 768w, https:\/\/observadorserrano.com.ar\/wp-content\/uploads\/2023\/03\/Charlas-Ambiente-DDA-5-1024x576.jpeg 1024w, https:\/\/observadorserrano.com.ar\/wp-content\/uploads\/2023\/03\/Charlas-Ambiente-DDA-5-1536x865.jpeg 1536w, https:\/\/observadorserrano.com.ar\/wp-content\/uploads\/2023\/03\/Charlas-Ambiente-DDA-5-622x350.jpeg 622w, https:\/\/observadorserrano.com.ar\/wp-content\/uploads\/2023\/03\/Charlas-Ambiente-DDA-5-533x300.jpeg 533w, https:\/\/observadorserrano.com.ar\/wp-content\/uploads\/2023\/03\/Charlas-Ambiente-DDA-5-750x422.jpeg 750w, https:\/\/observadorserrano.com.ar\/wp-content\/uploads\/2023\/03\/Charlas-Ambiente-DDA-5-1140x642.jpeg 1140w\" sizes=\"(max-width: 1599px) 100vw, 1599px\" \/> <img loading=\"lazy\" class=\"alignnone size-noticia-750\u00d7350-recortada wp-image-9088\" src=\"https:\/\/observadorserrano.com.ar\/wp-content\/uploads\/2023\/03\/Charlas-Ambiente-DDA-6.jpeg\" alt=\"\" width=\"1600\" height=\"900\" srcset=\"https:\/\/observadorserrano.com.ar\/wp-content\/uploads\/2023\/03\/Charlas-Ambiente-DDA-6.jpeg 1600w, https:\/\/observadorserrano.com.ar\/wp-content\/uploads\/2023\/03\/Charlas-Ambiente-DDA-6-300x169.jpeg 300w, https:\/\/observadorserrano.com.ar\/wp-content\/uploads\/2023\/03\/Charlas-Ambiente-DDA-6-768x432.jpeg 768w, https:\/\/observadorserrano.com.ar\/wp-content\/uploads\/2023\/03\/Charlas-Ambiente-DDA-6-1024x576.jpeg 1024w, https:\/\/observadorserrano.com.ar\/wp-content\/uploads\/2023\/03\/Charlas-Ambiente-DDA-6-1536x864.jpeg 1536w, https:\/\/observadorserrano.com.ar\/wp-content\/uploads\/2023\/03\/Charlas-Ambiente-DDA-6-622x350.jpeg 622w, https:\/\/observadorserrano.com.ar\/wp-content\/uploads\/2023\/03\/Charlas-Ambiente-DDA-6-533x300.jpeg 533w, https:\/\/observadorserrano.com.ar\/wp-content\/uploads\/2023\/03\/Charlas-Ambiente-DDA-6-750x422.jpeg 750w, https:\/\/observadorserrano.com.ar\/wp-content\/uploads\/2023\/03\/Charlas-Ambiente-DDA-6-1140x641.jpeg 1140w\" sizes=\"(max-width: 1600px) 100vw, 1600px\" \/> <img loading=\"lazy\" class=\"alignnone size-noticia-750\u00d7350-recortada wp-image-9089\" src=\"https:\/\/observadorserrano.com.ar\/wp-content\/uploads\/2023\/03\/Charlas-Ambiente-DDA-7.jpeg\" alt=\"\" width=\"1600\" height=\"900\" srcset=\"https:\/\/observadorserrano.com.ar\/wp-content\/uploads\/2023\/03\/Charlas-Ambiente-DDA-7.jpeg 1600w, https:\/\/observadorserrano.com.ar\/wp-content\/uploads\/2023\/03\/Charlas-Ambiente-DDA-7-300x169.jpeg 300w, https:\/\/observadorserrano.com.ar\/wp-content\/uploads\/2023\/03\/Charlas-Ambiente-DDA-7-768x432.jpeg 768w, https:\/\/observadorserrano.com.ar\/wp-content\/uploads\/2023\/03\/Charlas-Ambiente-DDA-7-1024x576.jpeg 1024w, https:\/\/observadorserrano.com.ar\/wp-content\/uploads\/2023\/03\/Charlas-Ambiente-DDA-7-1536x864.jpeg 1536w, https:\/\/observadorserrano.com.ar\/wp-content\/uploads\/2023\/03\/Charlas-Ambiente-DDA-7-622x350.jpeg 622w, https:\/\/observadorserrano.com.ar\/wp-content\/uploads\/2023\/03\/Charlas-Ambiente-DDA-7-533x300.jpeg 533w, https:\/\/observadorserrano.com.ar\/wp-content\/uploads\/2023\/03\/Charlas-Ambiente-DDA-7-750x422.jpeg 750w, https:\/\/observadorserrano.com.ar\/wp-content\/uploads\/2023\/03\/Charlas-Ambiente-DDA-7-1140x641.jpeg 1140w\" sizes=\"(max-width: 1600px) 100vw, 1600px\" \/> <img loading=\"lazy\" class=\"alignnone size-noticia-750\u00d7350-recortada wp-image-9090\" src=\"https:\/\/observadorserrano.com.ar\/wp-content\/uploads\/2023\/03\/Charlas-Ambiente-DDA-8.jpeg\" alt=\"\" width=\"1600\" height=\"900\" srcset=\"https:\/\/observadorserrano.com.ar\/wp-content\/uploads\/2023\/03\/Charlas-Ambiente-DDA-8.jpeg 1600w, https:\/\/observadorserrano.com.ar\/wp-content\/uploads\/2023\/03\/Charlas-Ambiente-DDA-8-300x169.jpeg 300w, https:\/\/observadorserrano.com.ar\/wp-content\/uploads\/2023\/03\/Charlas-Ambiente-DDA-8-768x432.jpeg 768w, https:\/\/observadorserrano.com.ar\/wp-content\/uploads\/2023\/03\/Charlas-Ambiente-DDA-8-1024x576.jpeg 1024w, https:\/\/observadorserrano.com.ar\/wp-content\/uploads\/2023\/03\/Charlas-Ambiente-DDA-8-1536x864.jpeg 1536w, https:\/\/observadorserrano.com.ar\/wp-content\/uploads\/2023\/03\/Charlas-Ambiente-DDA-8-622x350.jpeg 622w, https:\/\/observadorserrano.com.ar\/wp-content\/uploads\/2023\/03\/Charlas-Ambiente-DDA-8-533x300.jpeg 533w, https:\/\/observadorserrano.com.ar\/wp-content\/uploads\/2023\/03\/Charlas-Ambiente-DDA-8-750x422.jpeg 750w, https:\/\/observadorserrano.com.ar\/wp-content\/uploads\/2023\/03\/Charlas-Ambiente-DDA-8-1140x641.jpeg 1140w\" sizes=\"(max-width: 1600px) 100vw, 1600px\" \/> <img loading=\"lazy\" class=\"alignnone size-noticia-750\u00d7350-recortada wp-image-9091\" src=\"https:\/\/observadorserrano.com.ar\/wp-content\/uploads\/2023\/03\/Charlas-Ambiente-DDA-9.jpeg\" alt=\"\" width=\"1600\" height=\"900\" srcset=\"https:\/\/observadorserrano.com.ar\/wp-content\/uploads\/2023\/03\/Charlas-Ambiente-DDA-9.jpeg 1600w, https:\/\/observadorserrano.com.ar\/wp-content\/uploads\/2023\/03\/Charlas-Ambiente-DDA-9-300x169.jpeg 300w, https:\/\/observadorserrano.com.ar\/wp-content\/uploads\/2023\/03\/Charlas-Ambiente-DDA-9-768x432.jpeg 768w, https:\/\/observadorserrano.com.ar\/wp-content\/uploads\/2023\/03\/Charlas-Ambiente-DDA-9-1024x576.jpeg 1024w, https:\/\/observadorserrano.com.ar\/wp-content\/uploads\/2023\/03\/Charlas-Ambiente-DDA-9-1536x864.jpeg 1536w, https:\/\/observadorserrano.com.ar\/wp-content\/uploads\/2023\/03\/Charlas-Ambiente-DDA-9-622x350.jpeg 622w, https:\/\/observadorserrano.com.ar\/wp-content\/uploads\/2023\/03\/Charlas-Ambiente-DDA-9-533x300.jpeg 533w, https:\/\/observadorserrano.com.ar\/wp-content\/uploads\/2023\/03\/Charlas-Ambiente-DDA-9-750x422.jpeg 750w, https:\/\/observadorserrano.com.ar\/wp-content\/uploads\/2023\/03\/Charlas-Ambiente-DDA-9-1140x641.jpeg 1140w\" sizes=\"(max-width: 1600px) 100vw, 1600px\" \/> <img loading=\"lazy\" class=\"alignnone size-noticia-750\u00d7350-recortada wp-image-9092\" src=\"https:\/\/observadorserrano.com.ar\/wp-content\/uploads\/2023\/03\/Charlas-Ambiente-DDA-10.jpeg\" alt=\"\" width=\"1600\" height=\"900\" srcset=\"https:\/\/observadorserrano.com.ar\/wp-content\/uploads\/2023\/03\/Charlas-Ambiente-DDA-10.jpeg 1600w, https:\/\/observadorserrano.com.ar\/wp-content\/uploads\/2023\/03\/Charlas-Ambiente-DDA-10-300x169.jpeg 300w, https:\/\/observadorserrano.com.ar\/wp-content\/uploads\/2023\/03\/Charlas-Ambiente-DDA-10-768x432.jpeg 768w, https:\/\/observadorserrano.com.ar\/wp-content\/uploads\/2023\/03\/Charlas-Ambiente-DDA-10-1024x576.jpeg 1024w, https:\/\/observadorserrano.com.ar\/wp-content\/uploads\/2023\/03\/Charlas-Ambiente-DDA-10-1536x864.jpeg 1536w, https:\/\/observadorserrano.com.ar\/wp-content\/uploads\/2023\/03\/Charlas-Ambiente-DDA-10-622x350.jpeg 622w, https:\/\/observadorserrano.com.ar\/wp-content\/uploads\/2023\/03\/Charlas-Ambiente-DDA-10-533x300.jpeg 533w, https:\/\/observadorserrano.com.ar\/wp-content\/uploads\/2023\/03\/Charlas-Ambiente-DDA-10-750x422.jpeg 750w, https:\/\/observadorserrano.com.ar\/wp-content\/uploads\/2023\/03\/Charlas-Ambiente-DDA-10-1140x641.jpeg 1140w\" sizes=\"(max-width: 1600px) 100vw, 1600px\" \/><\/p>\n<\/div>","protected":false},"excerpt":{"rendered":"<p>D\u00eda Mundial del Agua: El municipio brind\u00f3 charlas en jardines de infantes (video y fotos) En el marco del D\u00eda Mundial del Agua, que se celebra cada 22 de marzo, la Subsecretar\u00eda de Ambiente y Desarrollo Sostenible de Tornquist Municipio brind\u00f3 charlas en jardines de infantes del distrito. El mi\u00e9rcoles, la iniciativa se desarroll\u00f3 en [&hellip;]<\/p>\n","protected":false},"author":2,"featured_media":9085,"comment_status":"closed","ping_status":"closed","sticky":false,"template":"","format":"standard","meta":[],"categories":[18,19,43,519,45],"tags":[1969],"_links":{"self":[{"href":"https:\/\/observadorserrano.com.ar\/index.php?rest_route=\/wp\/v2\/posts\/9082"}],"collection":[{"href":"https:\/\/observadorserrano.com.ar\/index.php?rest_route=\/wp\/v2\/posts"}],"about":[{"href":"https:\/\/observadorserrano.com.ar\/index.php?rest_route=\/wp\/v2\/types\/post"}],"author":[{"embeddable":true,"href":"https:\/\/observadorserrano.com.ar\/index.php?rest_route=\/wp\/v2\/users\/2"}],"replies":[{"embeddable":true,"href":"https:\/\/observadorserrano.com.ar\/index.php?rest_route=%2Fwp%2Fv2%2Fcomments&post=9082"}],"version-history":[{"count":1,"href":"https:\/\/observadorserrano.com.ar\/index.php?rest_route=\/wp\/v2\/posts\/9082\/revisions"}],"predecessor-version":[{"id":9093,"href":"https:\/\/observadorserrano.com.ar\/index.php?rest_route=\/wp\/v2\/posts\/9082\/revisions\/9093"}],"wp:featuredmedia":[{"embeddable":true,"href":"https:\/\/observadorserrano.com.ar\/index.php?rest_route=\/wp\/v2\/media\/9085"}],"wp:attachment":[{"href":"https:\/\/observadorserrano.com.ar\/index.php?rest_route=%2Fwp%2Fv2%2Fmedia&parent=9082"}],"wp:term":[{"taxonomy":"category","embeddable":true,"href":"https:\/\/observadorserrano.com.ar\/index.php?rest_route=%2Fwp%2Fv2%2Fcategories&post=9082"},{"taxonomy":"post_tag","embeddable":true,"href":"https:\/\/observadorserrano.com.ar\/index.php?rest_route=%2Fwp%2Fv2%2Ftags&post=9082"}],"curies":[{"name":"wp","href":"https:\/\/api.w.org\/{rel}","templated":true}]}}