{"id":9118,"date":"2023-03-29T18:44:22","date_gmt":"2023-03-29T21:44:22","guid":{"rendered":"https:\/\/observadorserrano.com.ar\/?p=9118"},"modified":"2023-03-29T18:44:22","modified_gmt":"2023-03-29T21:44:22","slug":"lo-detienen-en-tornquist-y-tenia-un-pedido-de-captura-y-detencion-internacional","status":"publish","type":"post","link":"https:\/\/observadorserrano.com.ar\/?p=9118","title":{"rendered":"Lo detienen en Tornquist y ten\u00eda un pedido de captura y detenci\u00f3n internacional"},"content":{"rendered":"<div class=\"pf-content\"><blockquote class=\"wp-embedded-content\" data-secret=\"zcCjveRVz7\"><p><a href=\"http:\/\/www.celttv.com.ar\/index.php\/2023\/03\/29\/lo-detienen-en-tornquist-y-tenia-un-pedido-de-captura-y-detencion-internacional\/\">Lo detienen en Tornquist y ten\u00eda un pedido de captura y detenci\u00f3n internacional<\/a><\/p><\/blockquote>\n<p><iframe class=\"wp-embedded-content\" sandbox=\"allow-scripts\" security=\"restricted\" style=\"position: absolute; clip: rect(1px, 1px, 1px, 1px);\" title=\"\u00abLo detienen en Tornquist y ten\u00eda un pedido de captura y detenci\u00f3n internacional\u00bb \u2014 CELTTV\" src=\"http:\/\/www.celttv.com.ar\/index.php\/2023\/03\/29\/lo-detienen-en-tornquist-y-tenia-un-pedido-de-captura-y-detencion-internacional\/embed\/#?secret=j3JcpaR0nP#?secret=zcCjveRVz7\" data-secret=\"zcCjveRVz7\" width=\"500\" height=\"282\" frameborder=\"0\" marginwidth=\"0\" marginheight=\"0\" scrolling=\"no\"><\/iframe><\/p>\n<p><strong>Parte de prensa de la Secretar\u00eda de Seguridad<\/strong><\/p>\n<p>Se lleva a conocimiento de la comunidad que, con fecha 28 de marzo del corriente a\u00f1o, siendo las 14:00 horas, en virtud de que inspectores de transito municipales conjuntamente con personal policial, se encontraban realizando un operativo de interceptaci\u00f3n vehicular e identificaci\u00f3n de personas sobre inmediaciones de la Avenida 9 de Julio y Espa\u00f1a de Tornquist, proceden a interceptar un motovehiculo conducido L\u00f3pez Mario Ren\u00e9, de 24 a\u00f1os de edad.<\/p>\n<p>Al solicitar a la sala de inform\u00e1tica el individuo pose\u00eda impedimento legal alguno, arroja un pedido de CAPTURA Y DETENCION INTERNACIONAL emitido por la Justicia Federal de El Dorado, provincia de Misiones, por Infracci\u00f3n a la Ley 23737 (comercializaci\u00f3n de estupefacientes), procediendo a la inmediata DETENCION, quedando alojado en los calabozos de la Estaci\u00f3n de Polic\u00eda Comunal Tornquist y la retenci\u00f3n preventiva del rodado.<\/p>\n<\/div>","protected":false},"excerpt":{"rendered":"<p>Lo detienen en Tornquist y ten\u00eda un pedido de captura y detenci\u00f3n internacional Parte de prensa de la Secretar\u00eda de Seguridad Se lleva a conocimiento de la comunidad que, con fecha 28 de marzo del corriente a\u00f1o, siendo las 14:00 horas, en virtud de que inspectores de transito municipales conjuntamente con personal policial, se encontraban [&hellip;]<\/p>\n","protected":false},"author":2,"featured_media":9119,"comment_status":"closed","ping_status":"closed","sticky":false,"template":"","format":"standard","meta":[],"categories":[18,43,45,7],"tags":[1976],"_links":{"self":[{"href":"https:\/\/observadorserrano.com.ar\/index.php?rest_route=\/wp\/v2\/posts\/9118"}],"collection":[{"href":"https:\/\/observadorserrano.com.ar\/index.php?rest_route=\/wp\/v2\/posts"}],"about":[{"href":"https:\/\/observadorserrano.com.ar\/index.php?rest_route=\/wp\/v2\/types\/post"}],"author":[{"embeddable":true,"href":"https:\/\/observadorserrano.com.ar\/index.php?rest_route=\/wp\/v2\/users\/2"}],"replies":[{"embeddable":true,"href":"https:\/\/observadorserrano.com.ar\/index.php?rest_route=%2Fwp%2Fv2%2Fcomments&post=9118"}],"version-history":[{"count":1,"href":"https:\/\/observadorserrano.com.ar\/index.php?rest_route=\/wp\/v2\/posts\/9118\/revisions"}],"predecessor-version":[{"id":9120,"href":"https:\/\/observadorserrano.com.ar\/index.php?rest_route=\/wp\/v2\/posts\/9118\/revisions\/9120"}],"wp:featuredmedia":[{"embeddable":true,"href":"https:\/\/observadorserrano.com.ar\/index.php?rest_route=\/wp\/v2\/media\/9119"}],"wp:attachment":[{"href":"https:\/\/observadorserrano.com.ar\/index.php?rest_route=%2Fwp%2Fv2%2Fmedia&parent=9118"}],"wp:term":[{"taxonomy":"category","embeddable":true,"href":"https:\/\/observadorserrano.com.ar\/index.php?rest_route=%2Fwp%2Fv2%2Fcategories&post=9118"},{"taxonomy":"post_tag","embeddable":true,"href":"https:\/\/observadorserrano.com.ar\/index.php?rest_route=%2Fwp%2Fv2%2Ftags&post=9118"}],"curies":[{"name":"wp","href":"https:\/\/api.w.org\/{rel}","templated":true}]}}