{"id":9177,"date":"2023-04-06T18:57:02","date_gmt":"2023-04-06T21:57:02","guid":{"rendered":"https:\/\/observadorserrano.com.ar\/?p=9177"},"modified":"2023-04-06T18:57:02","modified_gmt":"2023-04-06T21:57:02","slug":"despisto-un-automovil-en-la-ruta-76-a-35-kms-de-sierra-de-la-ventana","status":"publish","type":"post","link":"https:\/\/observadorserrano.com.ar\/?p=9177","title":{"rendered":"Despist\u00f3 un autom\u00f3vil en la ruta 76 a 35 kms de Sierra de la Ventana"},"content":{"rendered":"<div class=\"pf-content\"><blockquote class=\"wp-embedded-content\" data-secret=\"zz5bP0psfD\"><p><a href=\"http:\/\/www.celttv.com.ar\/index.php\/2023\/04\/06\/despisto-un-automovil-en-la-ruta-76-a-35-kms-de-sierra-de-la-ventana\/\">Despist\u00f3 un autom\u00f3vil en la ruta 76 a 35 kms de Sierra de la Ventana<\/a><\/p><\/blockquote>\n<p><iframe class=\"wp-embedded-content\" sandbox=\"allow-scripts\" security=\"restricted\" style=\"position: absolute; clip: rect(1px, 1px, 1px, 1px);\" title=\"\u00abDespist\u00f3 un autom\u00f3vil en la ruta 76 a 35 kms de Sierra de la Ventana\u00bb \u2014 CELTTV\" src=\"http:\/\/www.celttv.com.ar\/index.php\/2023\/04\/06\/despisto-un-automovil-en-la-ruta-76-a-35-kms-de-sierra-de-la-ventana\/embed\/#?secret=oO1YLE00OT#?secret=zz5bP0psfD\" data-secret=\"zz5bP0psfD\" width=\"500\" height=\"282\" frameborder=\"0\" marginwidth=\"0\" marginheight=\"0\" scrolling=\"no\"><\/iframe><\/p>\n<p>El hecho ocurri\u00f3 en la ruta 76 a unos 35 km de la localidad serrana cerca de las 14 horas de esta tarde. Se trata de un Renault KWID patente AE 625 CV que colision\u00f3 contra pedras en la banquina, sufriendo da\u00f1os en su carrocer\u00eda.<\/p>\n<p>De los tres ocupantes del rodado dos mujeres fueron trasladadas al hospital de Coronel Su\u00e1rez por un golpe en la cabeza y el masculino no presentaba lesiones.<\/p>\n<p>Trabajaron bomberos voluntarios de Sierra de la Ventana y personal de la polic\u00eda.<\/p>\n<p>Fuente: Noticias Radio Reflejos.<\/p>\n<p><img loading=\"lazy\" class=\"alignnone size-full wp-image-9178\" src=\"https:\/\/observadorserrano.com.ar\/wp-content\/uploads\/2023\/04\/52797683527b7821e443do.jpg_1280.jpg\" alt=\"\" width=\"1280\" height=\"960\" srcset=\"https:\/\/observadorserrano.com.ar\/wp-content\/uploads\/2023\/04\/52797683527b7821e443do.jpg_1280.jpg 1280w, https:\/\/observadorserrano.com.ar\/wp-content\/uploads\/2023\/04\/52797683527b7821e443do.jpg_1280-300x225.jpg 300w, https:\/\/observadorserrano.com.ar\/wp-content\/uploads\/2023\/04\/52797683527b7821e443do.jpg_1280-768x576.jpg 768w, https:\/\/observadorserrano.com.ar\/wp-content\/uploads\/2023\/04\/52797683527b7821e443do.jpg_1280-1024x768.jpg 1024w, https:\/\/observadorserrano.com.ar\/wp-content\/uploads\/2023\/04\/52797683527b7821e443do.jpg_1280-467x350.jpg 467w, https:\/\/observadorserrano.com.ar\/wp-content\/uploads\/2023\/04\/52797683527b7821e443do.jpg_1280-400x300.jpg 400w, https:\/\/observadorserrano.com.ar\/wp-content\/uploads\/2023\/04\/52797683527b7821e443do.jpg_1280-750x563.jpg 750w, https:\/\/observadorserrano.com.ar\/wp-content\/uploads\/2023\/04\/52797683527b7821e443do.jpg_1280-1140x855.jpg 1140w\" sizes=\"(max-width: 1280px) 100vw, 1280px\" \/> <img loading=\"lazy\" class=\"alignnone size-noticia-750\u00d7350-recortada wp-image-9179\" src=\"https:\/\/observadorserrano.com.ar\/wp-content\/uploads\/2023\/04\/5279849061437417faeaao.jpg_1280.jpg\" alt=\"\" width=\"1280\" height=\"960\" srcset=\"https:\/\/observadorserrano.com.ar\/wp-content\/uploads\/2023\/04\/5279849061437417faeaao.jpg_1280.jpg 1280w, https:\/\/observadorserrano.com.ar\/wp-content\/uploads\/2023\/04\/5279849061437417faeaao.jpg_1280-300x225.jpg 300w, https:\/\/observadorserrano.com.ar\/wp-content\/uploads\/2023\/04\/5279849061437417faeaao.jpg_1280-768x576.jpg 768w, https:\/\/observadorserrano.com.ar\/wp-content\/uploads\/2023\/04\/5279849061437417faeaao.jpg_1280-1024x768.jpg 1024w, https:\/\/observadorserrano.com.ar\/wp-content\/uploads\/2023\/04\/5279849061437417faeaao.jpg_1280-467x350.jpg 467w, https:\/\/observadorserrano.com.ar\/wp-content\/uploads\/2023\/04\/5279849061437417faeaao.jpg_1280-400x300.jpg 400w, https:\/\/observadorserrano.com.ar\/wp-content\/uploads\/2023\/04\/5279849061437417faeaao.jpg_1280-750x563.jpg 750w, https:\/\/observadorserrano.com.ar\/wp-content\/uploads\/2023\/04\/5279849061437417faeaao.jpg_1280-1140x855.jpg 1140w\" sizes=\"(max-width: 1280px) 100vw, 1280px\" \/> <img loading=\"lazy\" class=\"alignnone size-noticia-750\u00d7350-recortada wp-image-9180\" src=\"https:\/\/observadorserrano.com.ar\/wp-content\/uploads\/2023\/04\/img20230406wa0071.jpg_1280.jpg\" alt=\"\" width=\"1280\" height=\"960\" srcset=\"https:\/\/observadorserrano.com.ar\/wp-content\/uploads\/2023\/04\/img20230406wa0071.jpg_1280.jpg 1280w, https:\/\/observadorserrano.com.ar\/wp-content\/uploads\/2023\/04\/img20230406wa0071.jpg_1280-300x225.jpg 300w, https:\/\/observadorserrano.com.ar\/wp-content\/uploads\/2023\/04\/img20230406wa0071.jpg_1280-768x576.jpg 768w, https:\/\/observadorserrano.com.ar\/wp-content\/uploads\/2023\/04\/img20230406wa0071.jpg_1280-1024x768.jpg 1024w, https:\/\/observadorserrano.com.ar\/wp-content\/uploads\/2023\/04\/img20230406wa0071.jpg_1280-467x350.jpg 467w, https:\/\/observadorserrano.com.ar\/wp-content\/uploads\/2023\/04\/img20230406wa0071.jpg_1280-400x300.jpg 400w, https:\/\/observadorserrano.com.ar\/wp-content\/uploads\/2023\/04\/img20230406wa0071.jpg_1280-750x563.jpg 750w, https:\/\/observadorserrano.com.ar\/wp-content\/uploads\/2023\/04\/img20230406wa0071.jpg_1280-1140x855.jpg 1140w\" sizes=\"(max-width: 1280px) 100vw, 1280px\" \/><\/p>\n<\/div>","protected":false},"excerpt":{"rendered":"<p>Despist\u00f3 un autom\u00f3vil en la ruta 76 a 35 kms de Sierra de la Ventana El hecho ocurri\u00f3 en la ruta 76 a unos 35 km de la localidad serrana cerca de las 14 horas de esta tarde. Se trata de un Renault KWID patente AE 625 CV que colision\u00f3 contra pedras en la banquina, [&hellip;]<\/p>\n","protected":false},"author":2,"featured_media":9178,"comment_status":"closed","ping_status":"closed","sticky":false,"template":"","format":"standard","meta":[],"categories":[18,43,7],"tags":[1993],"_links":{"self":[{"href":"https:\/\/observadorserrano.com.ar\/index.php?rest_route=\/wp\/v2\/posts\/9177"}],"collection":[{"href":"https:\/\/observadorserrano.com.ar\/index.php?rest_route=\/wp\/v2\/posts"}],"about":[{"href":"https:\/\/observadorserrano.com.ar\/index.php?rest_route=\/wp\/v2\/types\/post"}],"author":[{"embeddable":true,"href":"https:\/\/observadorserrano.com.ar\/index.php?rest_route=\/wp\/v2\/users\/2"}],"replies":[{"embeddable":true,"href":"https:\/\/observadorserrano.com.ar\/index.php?rest_route=%2Fwp%2Fv2%2Fcomments&post=9177"}],"version-history":[{"count":1,"href":"https:\/\/observadorserrano.com.ar\/index.php?rest_route=\/wp\/v2\/posts\/9177\/revisions"}],"predecessor-version":[{"id":9181,"href":"https:\/\/observadorserrano.com.ar\/index.php?rest_route=\/wp\/v2\/posts\/9177\/revisions\/9181"}],"wp:featuredmedia":[{"embeddable":true,"href":"https:\/\/observadorserrano.com.ar\/index.php?rest_route=\/wp\/v2\/media\/9178"}],"wp:attachment":[{"href":"https:\/\/observadorserrano.com.ar\/index.php?rest_route=%2Fwp%2Fv2%2Fmedia&parent=9177"}],"wp:term":[{"taxonomy":"category","embeddable":true,"href":"https:\/\/observadorserrano.com.ar\/index.php?rest_route=%2Fwp%2Fv2%2Fcategories&post=9177"},{"taxonomy":"post_tag","embeddable":true,"href":"https:\/\/observadorserrano.com.ar\/index.php?rest_route=%2Fwp%2Fv2%2Ftags&post=9177"}],"curies":[{"name":"wp","href":"https:\/\/api.w.org\/{rel}","templated":true}]}}