{"id":9182,"date":"2023-04-06T19:08:37","date_gmt":"2023-04-06T22:08:37","guid":{"rendered":"https:\/\/observadorserrano.com.ar\/?p=9182"},"modified":"2023-04-06T19:08:37","modified_gmt":"2023-04-06T22:08:37","slug":"se-realizara-esta-noche-una-nueva-edicion-del-via-crucis-viviente-en-el-teatro-rodolfo-funke-video","status":"publish","type":"post","link":"https:\/\/observadorserrano.com.ar\/?p=9182","title":{"rendered":"Se realizar\u00e1 esta noche una nueva edici\u00f3n del V\u00eda Crucis Viviente en el Teatro Rodolfo Funke (video)"},"content":{"rendered":"<div class=\"pf-content\"><blockquote class=\"wp-embedded-content\" data-secret=\"tuRVXdpqeG\"><p><a href=\"http:\/\/www.celttv.com.ar\/index.php\/2023\/04\/06\/se-realizara-esta-noche-una-nueva-edicion-del-via-crucis-viviente-en-el-teatro-rodolfo-funke\/\">Se realizar\u00e1 esta noche una nueva edici\u00f3n del V\u00eda Crucis Viviente en el Teatro Rodolfo Funke (video)<\/a><\/p><\/blockquote>\n<p><iframe class=\"wp-embedded-content\" sandbox=\"allow-scripts\" security=\"restricted\" style=\"position: absolute; clip: rect(1px, 1px, 1px, 1px);\" title=\"\u00abSe realizar\u00e1 esta noche una nueva edici\u00f3n del V\u00eda Crucis Viviente en el Teatro Rodolfo Funke (video)\u00bb \u2014 CELTTV\" src=\"http:\/\/www.celttv.com.ar\/index.php\/2023\/04\/06\/se-realizara-esta-noche-una-nueva-edicion-del-via-crucis-viviente-en-el-teatro-rodolfo-funke\/embed\/#?secret=ScyUNppDG0#?secret=tuRVXdpqeG\" data-secret=\"tuRVXdpqeG\" width=\"500\" height=\"282\" frameborder=\"0\" marginwidth=\"0\" marginheight=\"0\" scrolling=\"no\"><\/iframe><\/p>\n<p><strong>Como cada a\u00f1o, la Subsecretar\u00eda de Cultura invita a la comunidad a participar de una nueva edici\u00f3n del tradicional V\u00eda Crucis Viviente, este jueves 6 a las 21hs en el Teatro Rodolfo Funke.<\/strong><\/p>\n<p><strong>Dirigido por Emir Aguirre, con la participaci\u00f3n de integrantes de la Escuela Folcl\u00f3rica Municipal y del grupo de teatro Los Rodolfo, se representar\u00e1 una vez m\u00e1s, los d\u00edas previos a la muerte, la crucifixi\u00f3n, la muerte y la resurrecci\u00f3n de Jesucristo.<\/strong><\/p>\n<p>CELTTV Noticias dialog\u00f3 con Emir Aguirre y Mariela Montero quienes brindaron detalles del Via Crucis Viviente que por primera vez se realiza en el Teatro Municiapal Rodolfo Funke.<\/p>\n<div class=\"jeg_video_container jeg_video_content\"><iframe loading=\"lazy\" title=\"2023 04 06 NOTA EN VIVO CON EMIR AGUIRRE Y MARIELA MONTERO\" width=\"500\" height=\"281\" src=\"https:\/\/www.youtube.com\/embed\/qt-wxOBayxk?feature=oembed\" frameborder=\"0\" allow=\"accelerometer; autoplay; clipboard-write; encrypted-media; gyroscope; picture-in-picture; web-share\" allowfullscreen><\/iframe><\/div>\n<\/div>","protected":false},"excerpt":{"rendered":"<p>Se realizar\u00e1 esta noche una nueva edici\u00f3n del V\u00eda Crucis Viviente en el Teatro Rodolfo Funke (video) Como cada a\u00f1o, la Subsecretar\u00eda de Cultura invita a la comunidad a participar de una nueva edici\u00f3n del tradicional V\u00eda Crucis Viviente, este jueves 6 a las 21hs en el Teatro Rodolfo Funke. Dirigido por Emir Aguirre, con [&hellip;]<\/p>\n","protected":false},"author":2,"featured_media":9149,"comment_status":"closed","ping_status":"closed","sticky":false,"template":"","format":"standard","meta":[],"categories":[18,43,45,46,9],"tags":[1994],"_links":{"self":[{"href":"https:\/\/observadorserrano.com.ar\/index.php?rest_route=\/wp\/v2\/posts\/9182"}],"collection":[{"href":"https:\/\/observadorserrano.com.ar\/index.php?rest_route=\/wp\/v2\/posts"}],"about":[{"href":"https:\/\/observadorserrano.com.ar\/index.php?rest_route=\/wp\/v2\/types\/post"}],"author":[{"embeddable":true,"href":"https:\/\/observadorserrano.com.ar\/index.php?rest_route=\/wp\/v2\/users\/2"}],"replies":[{"embeddable":true,"href":"https:\/\/observadorserrano.com.ar\/index.php?rest_route=%2Fwp%2Fv2%2Fcomments&post=9182"}],"version-history":[{"count":1,"href":"https:\/\/observadorserrano.com.ar\/index.php?rest_route=\/wp\/v2\/posts\/9182\/revisions"}],"predecessor-version":[{"id":9183,"href":"https:\/\/observadorserrano.com.ar\/index.php?rest_route=\/wp\/v2\/posts\/9182\/revisions\/9183"}],"wp:featuredmedia":[{"embeddable":true,"href":"https:\/\/observadorserrano.com.ar\/index.php?rest_route=\/wp\/v2\/media\/9149"}],"wp:attachment":[{"href":"https:\/\/observadorserrano.com.ar\/index.php?rest_route=%2Fwp%2Fv2%2Fmedia&parent=9182"}],"wp:term":[{"taxonomy":"category","embeddable":true,"href":"https:\/\/observadorserrano.com.ar\/index.php?rest_route=%2Fwp%2Fv2%2Fcategories&post=9182"},{"taxonomy":"post_tag","embeddable":true,"href":"https:\/\/observadorserrano.com.ar\/index.php?rest_route=%2Fwp%2Fv2%2Ftags&post=9182"}],"curies":[{"name":"wp","href":"https:\/\/api.w.org\/{rel}","templated":true}]}}