{"id":9251,"date":"2023-04-20T19:21:01","date_gmt":"2023-04-20T22:21:01","guid":{"rendered":"https:\/\/observadorserrano.com.ar\/?p=9251"},"modified":"2023-04-20T19:21:26","modified_gmt":"2023-04-20T22:21:26","slug":"nuevos-avances-en-el-proyecto-regional-de-gestion-integral-de-residuos","status":"publish","type":"post","link":"https:\/\/observadorserrano.com.ar\/?p=9251","title":{"rendered":"Nuevos avances en el proyecto regional de gesti\u00f3n integral de residuos"},"content":{"rendered":"<div class=\"pf-content\"><p>Este mi\u00e9rcoles y jueves, un equipo t\u00e9cnico del Ministerio de Ambiente de la Provincia de Buenos Aires visit\u00f3 el distrito a fin de avanzar en el proyecto regional de gesti\u00f3n integral de residuos, que desarrollan conjuntamente los municipios de Tornquist, Saavedra, Coronel Su\u00e1rez y Guamin\u00ed.<\/p>\n<p>Junto con el intendente Sergio Bordoni y miembros de su gabinete, los representantes del ministerio bonaerense recorrieron los basureros de la localidad cabecera y de Saldungaray y Sierra de la Ventana, con el objetivo de conocer el territorio y realizar un relevamiento.<\/p>\n<p>Tras el an\u00e1lisis de los sitios en base a los datos recolectados, Ambiente dispondr\u00e1 los pasos a seguir y brindar\u00e1 herramientas para dar inicio a acciones concretas pertinentes.<\/p>\n<p>Este importante proyecto no solo busca la erradicaci\u00f3n de basurales a cielo abierto y reducir el impacto ambiental y sanitario negativo sobre las comunidades, sino tambi\u00e9n se implementa como una herramienta para potenciar y fortalecer la econom\u00eda circular.<\/p>\n<p><img loading=\"lazy\" class=\"alignnone size-full wp-image-9252\" src=\"https:\/\/observadorserrano.com.ar\/wp-content\/uploads\/2023\/04\/Visita-ministerio-Ambiente-1.jpeg\" alt=\"\" width=\"1600\" height=\"901\" srcset=\"https:\/\/observadorserrano.com.ar\/wp-content\/uploads\/2023\/04\/Visita-ministerio-Ambiente-1.jpeg 1600w, https:\/\/observadorserrano.com.ar\/wp-content\/uploads\/2023\/04\/Visita-ministerio-Ambiente-1-300x169.jpeg 300w, https:\/\/observadorserrano.com.ar\/wp-content\/uploads\/2023\/04\/Visita-ministerio-Ambiente-1-768x432.jpeg 768w, https:\/\/observadorserrano.com.ar\/wp-content\/uploads\/2023\/04\/Visita-ministerio-Ambiente-1-1024x577.jpeg 1024w, https:\/\/observadorserrano.com.ar\/wp-content\/uploads\/2023\/04\/Visita-ministerio-Ambiente-1-1536x865.jpeg 1536w, https:\/\/observadorserrano.com.ar\/wp-content\/uploads\/2023\/04\/Visita-ministerio-Ambiente-1-622x350.jpeg 622w, https:\/\/observadorserrano.com.ar\/wp-content\/uploads\/2023\/04\/Visita-ministerio-Ambiente-1-533x300.jpeg 533w, https:\/\/observadorserrano.com.ar\/wp-content\/uploads\/2023\/04\/Visita-ministerio-Ambiente-1-750x422.jpeg 750w, https:\/\/observadorserrano.com.ar\/wp-content\/uploads\/2023\/04\/Visita-ministerio-Ambiente-1-1140x642.jpeg 1140w\" sizes=\"(max-width: 1600px) 100vw, 1600px\" \/> <img loading=\"lazy\" class=\"alignnone size-noticia-750\u00d7350-recortada wp-image-9253\" src=\"https:\/\/observadorserrano.com.ar\/wp-content\/uploads\/2023\/04\/Visita-ministerio-Ambiente-2.jpeg\" alt=\"\" width=\"1600\" height=\"900\" srcset=\"https:\/\/observadorserrano.com.ar\/wp-content\/uploads\/2023\/04\/Visita-ministerio-Ambiente-2.jpeg 1600w, https:\/\/observadorserrano.com.ar\/wp-content\/uploads\/2023\/04\/Visita-ministerio-Ambiente-2-300x169.jpeg 300w, https:\/\/observadorserrano.com.ar\/wp-content\/uploads\/2023\/04\/Visita-ministerio-Ambiente-2-768x432.jpeg 768w, https:\/\/observadorserrano.com.ar\/wp-content\/uploads\/2023\/04\/Visita-ministerio-Ambiente-2-1024x576.jpeg 1024w, https:\/\/observadorserrano.com.ar\/wp-content\/uploads\/2023\/04\/Visita-ministerio-Ambiente-2-1536x864.jpeg 1536w, https:\/\/observadorserrano.com.ar\/wp-content\/uploads\/2023\/04\/Visita-ministerio-Ambiente-2-622x350.jpeg 622w, https:\/\/observadorserrano.com.ar\/wp-content\/uploads\/2023\/04\/Visita-ministerio-Ambiente-2-533x300.jpeg 533w, https:\/\/observadorserrano.com.ar\/wp-content\/uploads\/2023\/04\/Visita-ministerio-Ambiente-2-750x422.jpeg 750w, https:\/\/observadorserrano.com.ar\/wp-content\/uploads\/2023\/04\/Visita-ministerio-Ambiente-2-1140x641.jpeg 1140w\" sizes=\"(max-width: 1600px) 100vw, 1600px\" \/> <img loading=\"lazy\" class=\"alignnone size-noticia-750\u00d7350-recortada wp-image-9254\" src=\"https:\/\/observadorserrano.com.ar\/wp-content\/uploads\/2023\/04\/Visita-ministerio-Ambiente-3.jpeg\" alt=\"\" width=\"1600\" height=\"900\" srcset=\"https:\/\/observadorserrano.com.ar\/wp-content\/uploads\/2023\/04\/Visita-ministerio-Ambiente-3.jpeg 1600w, https:\/\/observadorserrano.com.ar\/wp-content\/uploads\/2023\/04\/Visita-ministerio-Ambiente-3-300x169.jpeg 300w, https:\/\/observadorserrano.com.ar\/wp-content\/uploads\/2023\/04\/Visita-ministerio-Ambiente-3-768x432.jpeg 768w, https:\/\/observadorserrano.com.ar\/wp-content\/uploads\/2023\/04\/Visita-ministerio-Ambiente-3-1024x576.jpeg 1024w, https:\/\/observadorserrano.com.ar\/wp-content\/uploads\/2023\/04\/Visita-ministerio-Ambiente-3-1536x864.jpeg 1536w, https:\/\/observadorserrano.com.ar\/wp-content\/uploads\/2023\/04\/Visita-ministerio-Ambiente-3-622x350.jpeg 622w, https:\/\/observadorserrano.com.ar\/wp-content\/uploads\/2023\/04\/Visita-ministerio-Ambiente-3-533x300.jpeg 533w, https:\/\/observadorserrano.com.ar\/wp-content\/uploads\/2023\/04\/Visita-ministerio-Ambiente-3-750x422.jpeg 750w, https:\/\/observadorserrano.com.ar\/wp-content\/uploads\/2023\/04\/Visita-ministerio-Ambiente-3-1140x641.jpeg 1140w\" sizes=\"(max-width: 1600px) 100vw, 1600px\" \/> <img loading=\"lazy\" class=\"alignnone size-noticia-750\u00d7350-recortada wp-image-9255\" src=\"https:\/\/observadorserrano.com.ar\/wp-content\/uploads\/2023\/04\/Visita-ministerio-Ambiente-4.jpeg\" alt=\"\" width=\"1600\" height=\"900\" srcset=\"https:\/\/observadorserrano.com.ar\/wp-content\/uploads\/2023\/04\/Visita-ministerio-Ambiente-4.jpeg 1600w, https:\/\/observadorserrano.com.ar\/wp-content\/uploads\/2023\/04\/Visita-ministerio-Ambiente-4-300x169.jpeg 300w, https:\/\/observadorserrano.com.ar\/wp-content\/uploads\/2023\/04\/Visita-ministerio-Ambiente-4-768x432.jpeg 768w, https:\/\/observadorserrano.com.ar\/wp-content\/uploads\/2023\/04\/Visita-ministerio-Ambiente-4-1024x576.jpeg 1024w, https:\/\/observadorserrano.com.ar\/wp-content\/uploads\/2023\/04\/Visita-ministerio-Ambiente-4-1536x864.jpeg 1536w, https:\/\/observadorserrano.com.ar\/wp-content\/uploads\/2023\/04\/Visita-ministerio-Ambiente-4-622x350.jpeg 622w, https:\/\/observadorserrano.com.ar\/wp-content\/uploads\/2023\/04\/Visita-ministerio-Ambiente-4-533x300.jpeg 533w, https:\/\/observadorserrano.com.ar\/wp-content\/uploads\/2023\/04\/Visita-ministerio-Ambiente-4-750x422.jpeg 750w, https:\/\/observadorserrano.com.ar\/wp-content\/uploads\/2023\/04\/Visita-ministerio-Ambiente-4-1140x641.jpeg 1140w\" sizes=\"(max-width: 1600px) 100vw, 1600px\" \/><\/p>\n<\/div>","protected":false},"excerpt":{"rendered":"<p>Este mi\u00e9rcoles y jueves, un equipo t\u00e9cnico del Ministerio de Ambiente de la Provincia de Buenos Aires visit\u00f3 el distrito a fin de avanzar en el proyecto regional de gesti\u00f3n integral de residuos, que desarrollan conjuntamente los municipios de Tornquist, Saavedra, Coronel Su\u00e1rez y Guamin\u00ed. Junto con el intendente Sergio Bordoni y miembros de su [&hellip;]<\/p>\n","protected":false},"author":2,"featured_media":9253,"comment_status":"closed","ping_status":"closed","sticky":false,"template":"","format":"standard","meta":[],"categories":[18,43,519,45],"tags":[2010],"_links":{"self":[{"href":"https:\/\/observadorserrano.com.ar\/index.php?rest_route=\/wp\/v2\/posts\/9251"}],"collection":[{"href":"https:\/\/observadorserrano.com.ar\/index.php?rest_route=\/wp\/v2\/posts"}],"about":[{"href":"https:\/\/observadorserrano.com.ar\/index.php?rest_route=\/wp\/v2\/types\/post"}],"author":[{"embeddable":true,"href":"https:\/\/observadorserrano.com.ar\/index.php?rest_route=\/wp\/v2\/users\/2"}],"replies":[{"embeddable":true,"href":"https:\/\/observadorserrano.com.ar\/index.php?rest_route=%2Fwp%2Fv2%2Fcomments&post=9251"}],"version-history":[{"count":1,"href":"https:\/\/observadorserrano.com.ar\/index.php?rest_route=\/wp\/v2\/posts\/9251\/revisions"}],"predecessor-version":[{"id":9256,"href":"https:\/\/observadorserrano.com.ar\/index.php?rest_route=\/wp\/v2\/posts\/9251\/revisions\/9256"}],"wp:featuredmedia":[{"embeddable":true,"href":"https:\/\/observadorserrano.com.ar\/index.php?rest_route=\/wp\/v2\/media\/9253"}],"wp:attachment":[{"href":"https:\/\/observadorserrano.com.ar\/index.php?rest_route=%2Fwp%2Fv2%2Fmedia&parent=9251"}],"wp:term":[{"taxonomy":"category","embeddable":true,"href":"https:\/\/observadorserrano.com.ar\/index.php?rest_route=%2Fwp%2Fv2%2Fcategories&post=9251"},{"taxonomy":"post_tag","embeddable":true,"href":"https:\/\/observadorserrano.com.ar\/index.php?rest_route=%2Fwp%2Fv2%2Ftags&post=9251"}],"curies":[{"name":"wp","href":"https:\/\/api.w.org\/{rel}","templated":true}]}}