{"id":9273,"date":"2023-04-22T21:15:29","date_gmt":"2023-04-23T00:15:29","guid":{"rendered":"https:\/\/observadorserrano.com.ar\/?p=9273"},"modified":"2023-04-22T21:15:29","modified_gmt":"2023-04-23T00:15:29","slug":"graciela-margarita-hoffmann-viuda-de-ferronatto-q-e-p-d-fallecio-en-tornquist-el-22-de-abril-de-2023-a-los-70-anos-de-edad","status":"publish","type":"post","link":"https:\/\/observadorserrano.com.ar\/?p=9273","title":{"rendered":"Graciela Margarita HOFFMANN viuda de FERRONATTO&#8211;Q.E.P.D.&#8211;: Falleci\u00f3 en Tornquist, el 22 de Abril de 2023 a los 70 a\u00f1os de edad"},"content":{"rendered":"<div class=\"pf-content\"><blockquote class=\"wp-embedded-content\" data-secret=\"F7VlqnyRZG\"><p><a href=\"http:\/\/www.celttv.com.ar\/index.php\/2023\/04\/22\/graciela-margarita-hoffmann-viuda-de-ferronatto-q-e-p-d-fallecio-en-tornquist-el-22-de-abril-de-2023-a-los-70-anos-de-edad\/\">Graciela Margarita HOFFMANN viuda de FERRONATTO&#8211;Q.E.P.D.&#8211;: Falleci\u00f3 en Tornquist, el 22 de Abril de 2023 a los 70 a\u00f1os de edad<\/a><\/p><\/blockquote>\n<p><iframe class=\"wp-embedded-content\" sandbox=\"allow-scripts\" security=\"restricted\" style=\"position: absolute; clip: rect(1px, 1px, 1px, 1px);\" title=\"\u00abGraciela Margarita HOFFMANN viuda de FERRONATTO&#8211;Q.E.P.D.&#8211;: Falleci\u00f3 en Tornquist, el 22 de Abril de 2023 a los 70 a\u00f1os de edad\u00bb \u2014 CELTTV\" src=\"http:\/\/www.celttv.com.ar\/index.php\/2023\/04\/22\/graciela-margarita-hoffmann-viuda-de-ferronatto-q-e-p-d-fallecio-en-tornquist-el-22-de-abril-de-2023-a-los-70-anos-de-edad\/embed\/#?secret=qgwhY93xKC#?secret=F7VlqnyRZG\" data-secret=\"F7VlqnyRZG\" width=\"500\" height=\"282\" frameborder=\"0\" marginwidth=\"0\" marginheight=\"0\" scrolling=\"no\"><\/iframe><\/p>\n<p><b><span lang=\"ES-TRAD\">Graciela Margarita HOFFMANN viuda de FERRONATTO&#8211;<\/span><\/b><span lang=\"ES-TRAD\">Q.E.P.D.&#8211;: Falleci\u00f3 en Tornquist, el 22 de Abril de 2023 a los 70 a\u00f1os de edad. Sus hermanas Mirta y Miriam HOFFMANN. Sus hermanos pol\u00edticos Italo ROSINI y Omar ORTIZ. Sus sobrinos Karina, Sergio y Eric. Sus sobrinos pol\u00edticos Germ\u00e1n y Erica. Sus sobrinos nietos Aldana, Ayel\u00e9n, Mauren y Otto, amistades y dem\u00e1s deudos, participan su deceso y comunican que sus restos, ser\u00e1n inhumados el d\u00eda domingo 23 del corriente las 11:00hs. en la necr\u00f3polis de Tornquist. Casa velatoria calle G\u00fcemes N\u00b0 236, Tornquist. Casa de duelo Avenida 9 de Julio N\u00b0 850 de nuestra localidad. Servicio a cargo de la Cooperativa El\u00e9ctrica Limitada de Tornquist.\u00a0\u00a0\u00a0<u><\/u>\u00a0<\/span><\/p>\n<\/div>","protected":false},"excerpt":{"rendered":"<p>Graciela Margarita HOFFMANN viuda de FERRONATTO&#8211;Q.E.P.D.&#8211;: Falleci\u00f3 en Tornquist, el 22 de Abril de 2023 a los 70 a\u00f1os de edad Graciela Margarita HOFFMANN viuda de FERRONATTO&#8211;Q.E.P.D.&#8211;: Falleci\u00f3 en Tornquist, el 22 de Abril de 2023 a los 70 a\u00f1os de edad. Sus hermanas Mirta y Miriam HOFFMANN. Sus hermanos pol\u00edticos Italo ROSINI y Omar [&hellip;]<\/p>\n","protected":false},"author":2,"featured_media":5871,"comment_status":"closed","ping_status":"closed","sticky":false,"template":"","format":"standard","meta":[],"categories":[44],"tags":[129],"_links":{"self":[{"href":"https:\/\/observadorserrano.com.ar\/index.php?rest_route=\/wp\/v2\/posts\/9273"}],"collection":[{"href":"https:\/\/observadorserrano.com.ar\/index.php?rest_route=\/wp\/v2\/posts"}],"about":[{"href":"https:\/\/observadorserrano.com.ar\/index.php?rest_route=\/wp\/v2\/types\/post"}],"author":[{"embeddable":true,"href":"https:\/\/observadorserrano.com.ar\/index.php?rest_route=\/wp\/v2\/users\/2"}],"replies":[{"embeddable":true,"href":"https:\/\/observadorserrano.com.ar\/index.php?rest_route=%2Fwp%2Fv2%2Fcomments&post=9273"}],"version-history":[{"count":1,"href":"https:\/\/observadorserrano.com.ar\/index.php?rest_route=\/wp\/v2\/posts\/9273\/revisions"}],"predecessor-version":[{"id":9274,"href":"https:\/\/observadorserrano.com.ar\/index.php?rest_route=\/wp\/v2\/posts\/9273\/revisions\/9274"}],"wp:featuredmedia":[{"embeddable":true,"href":"https:\/\/observadorserrano.com.ar\/index.php?rest_route=\/wp\/v2\/media\/5871"}],"wp:attachment":[{"href":"https:\/\/observadorserrano.com.ar\/index.php?rest_route=%2Fwp%2Fv2%2Fmedia&parent=9273"}],"wp:term":[{"taxonomy":"category","embeddable":true,"href":"https:\/\/observadorserrano.com.ar\/index.php?rest_route=%2Fwp%2Fv2%2Fcategories&post=9273"},{"taxonomy":"post_tag","embeddable":true,"href":"https:\/\/observadorserrano.com.ar\/index.php?rest_route=%2Fwp%2Fv2%2Ftags&post=9273"}],"curies":[{"name":"wp","href":"https:\/\/api.w.org\/{rel}","templated":true}]}}