{"id":9276,"date":"2023-04-24T22:16:56","date_gmt":"2023-04-25T01:16:56","guid":{"rendered":"https:\/\/observadorserrano.com.ar\/?p=9276"},"modified":"2023-04-24T22:20:12","modified_gmt":"2023-04-25T01:20:12","slug":"este-lunes-24-el-distrito-de-tornquist-dio-un-gran-paso-en-el-ambito-educativo-esta-manana-el-intendente-municipal-sergio-bordoni-encabezo-dos-actos-inaugurales-de-infraestructura-escolar","status":"publish","type":"post","link":"https:\/\/observadorserrano.com.ar\/?p=9276","title":{"rendered":"Esta ma\u00f1ana, el intendente municipal Sergio Bordoni, encabez\u00f3 dos actos inaugurales de infraestructura escolar."},"content":{"rendered":"<div class=\"pf-content\"><blockquote class=\"wp-embedded-content\" data-secret=\"nE0S9Yo0qm\"><p><a href=\"http:\/\/www.celttv.com.ar\/index.php\/2023\/04\/24\/en-un-dia-historico-para-la-educacionbordoni-inauguro-importantes-obras\/\">En un d\u00eda hist\u00f3rico para la educaci\u00f3n Bordoni inaugur\u00f3 importantes obras<\/a><\/p><\/blockquote>\n<p><iframe class=\"wp-embedded-content\" sandbox=\"allow-scripts\" security=\"restricted\" style=\"position: absolute; clip: rect(1px, 1px, 1px, 1px);\" title=\"\u00abEn un d\u00eda hist\u00f3rico para la educaci\u00f3n Bordoni inaugur\u00f3 importantes obras\u00bb \u2014 CELTTV\" src=\"http:\/\/www.celttv.com.ar\/index.php\/2023\/04\/24\/en-un-dia-historico-para-la-educacionbordoni-inauguro-importantes-obras\/embed\/#?secret=kW0Avi7drU#?secret=nE0S9Yo0qm\" data-secret=\"nE0S9Yo0qm\" width=\"500\" height=\"282\" frameborder=\"0\" marginwidth=\"0\" marginheight=\"0\" scrolling=\"no\"><\/iframe><\/p>\n<p>Este lunes 24, el distrito de Tornquist dio un gran paso en el \u00e1mbito educativo. Esta ma\u00f1ana, el intendente municipal Sergio Bordoni, encabez\u00f3 dos actos inaugurales de infraestructura escolar.<\/p>\n<p>La primera cita tuvo lugar en el Paraje Estomba, donde acompa\u00f1ado por el Director General de Cultura y Educaci\u00f3n, Alberto Sileoni, el jefe comunal dejo inaugurada la renovaci\u00f3n completa de la antigua Escuela N\u00b05, que a partir de la fecha pasar\u00e1 a ser la Escuela N\u00b08.<\/p>\n<p>La obraincluy\u00f3 elreacondicionamiento de la estructura, construcci\u00f3n de bater\u00eda de sanitarios, hall, dep\u00f3sito y cocina; adem\u00e1s de la ejecuci\u00f3n de nuevas instalaciones de gas, el\u00e9ctricas y sanitarias.<\/p>\n<p>En sus palabras Bordoni resalt\u00f3 la importancia de contar con un estado presente, que garantice el acceso igualitario a la educaci\u00f3n p\u00fablicade calidad para todos los ni\u00f1os y ni\u00f1as de nuestro distrito. La renovaci\u00f3n de esta escuela es un reflejo del compromiso del gobierno provincial y municipal, de acercar el derecho a la educaci\u00f3n; proporcion\u00e1ndoles un espacio a los alumnos adecuado para su desarrollo.<\/p>\n<p>Luego los funcionarios encabezaron la inauguraci\u00f3n de dos aulas nuevas en el Escuela Primaria N\u00b02 de Saldungaray, que fueron financiadas a trav\u00e9s de Fondo Educativo, por decisi\u00f3n del intendente municipal de dar respuesta a las necesidades demandadas por los directivos de la mencionada instituci\u00f3n.<\/p>\n<p>Durante el acto, adem\u00e1s se formaliz\u00f3 la creaci\u00f3n del CEF N\u00b0195 para Sierra de la Ventana. El Director de Educaci\u00f3n F\u00edsica de la Provincia de Buenos Aires, Leonardo Troncoso, entreg\u00f3 al jefe comunal la resoluci\u00f3n formal de la nueva instituci\u00f3n educativa; que funcionar\u00e1 en la localidad de Sierra de la Ventana, y brindar\u00e1 una amplia gama de deportes y actividades f\u00edsicas para todos los vecinos y vecinas, promoviendo la vida saludable y activa. Adem\u00e1s,generar\u00e1 una gran cantidad de puestos de trabajos.<\/p>\n<p>Para cerrar la jornada, Sileoni expres\u00f3 \u201cTodas las comunidades educativas en la provincia, sue\u00f1an todos los d\u00edas; pero esos sue\u00f1os se convierten en realidad respondiendo a una decisi\u00f3n pol\u00edtica\u201d.<\/p>\n<p>Las obras inauguradas y la apertura de nuevos espacios educativos, son parte de las pol\u00edticas p\u00fablicas implementadas desde diciembre de 2015, siendo la educaci\u00f3n uno de los ejes fundamentales de la actual gesti\u00f3n de gobierno municipal.<\/p>\n<p><img loading=\"lazy\" class=\"alignnone size-medium wp-image-75328\" src=\"http:\/\/www.celttv.com.ar\/wp-content\/uploads\/2023\/04\/cef-Medium-300x200.jpeg\" alt=\"\" width=\"300\" height=\"200\" \/> <img loading=\"lazy\" class=\"alignnone size-medium wp-image-75329\" src=\"http:\/\/www.celttv.com.ar\/wp-content\/uploads\/2023\/04\/cef2-Medium-300x200.jpeg\" alt=\"\" width=\"300\" height=\"200\" \/> <img loading=\"lazy\" class=\"alignnone size-medium wp-image-75330\" src=\"http:\/\/www.celttv.com.ar\/wp-content\/uploads\/2023\/04\/cef3-Medium-300x200.jpeg\" alt=\"\" width=\"300\" height=\"200\" \/> <img loading=\"lazy\" class=\"alignnone size-medium wp-image-75331\" src=\"http:\/\/www.celttv.com.ar\/wp-content\/uploads\/2023\/04\/cefsv-Medium-300x232.jpeg\" alt=\"\" width=\"300\" height=\"232\" \/> <img loading=\"lazy\" class=\"alignnone size-medium wp-image-75332\" src=\"http:\/\/www.celttv.com.ar\/wp-content\/uploads\/2023\/04\/estomba-Medium-300x200.jpeg\" alt=\"\" width=\"300\" height=\"200\" \/> <img loading=\"lazy\" class=\"alignnone size-medium wp-image-75333\" src=\"http:\/\/www.celttv.com.ar\/wp-content\/uploads\/2023\/04\/estomba2-Medium-300x200.jpeg\" alt=\"\" width=\"300\" height=\"200\" \/> <img loading=\"lazy\" class=\"alignnone size-medium wp-image-75334\" src=\"http:\/\/www.celttv.com.ar\/wp-content\/uploads\/2023\/04\/estomba3-Medium-300x180.jpeg\" alt=\"\" width=\"300\" height=\"180\" \/> <img loading=\"lazy\" class=\"alignnone size-medium wp-image-75335\" src=\"http:\/\/www.celttv.com.ar\/wp-content\/uploads\/2023\/04\/saldungararay-Medium-300x216.jpeg\" alt=\"\" width=\"300\" height=\"216\" \/> <img loading=\"lazy\" class=\"alignnone size-medium wp-image-75336\" src=\"http:\/\/www.celttv.com.ar\/wp-content\/uploads\/2023\/04\/saldungaray1-Medium-202x300.jpeg\" alt=\"\" width=\"202\" height=\"300\" \/><\/p>\n<\/div>","protected":false},"excerpt":{"rendered":"<p>En un d\u00eda hist\u00f3rico para la educaci\u00f3n Bordoni inaugur\u00f3 importantes obras Este lunes 24, el distrito de Tornquist dio un gran paso en el \u00e1mbito educativo. Esta ma\u00f1ana, el intendente municipal Sergio Bordoni, encabez\u00f3 dos actos inaugurales de infraestructura escolar. La primera cita tuvo lugar en el Paraje Estomba, donde acompa\u00f1ado por el Director General [&hellip;]<\/p>\n","protected":false},"author":2,"featured_media":9277,"comment_status":"closed","ping_status":"closed","sticky":false,"template":"","format":"standard","meta":[],"categories":[18,43,45],"tags":[2014,1873,2015,2013],"_links":{"self":[{"href":"https:\/\/observadorserrano.com.ar\/index.php?rest_route=\/wp\/v2\/posts\/9276"}],"collection":[{"href":"https:\/\/observadorserrano.com.ar\/index.php?rest_route=\/wp\/v2\/posts"}],"about":[{"href":"https:\/\/observadorserrano.com.ar\/index.php?rest_route=\/wp\/v2\/types\/post"}],"author":[{"embeddable":true,"href":"https:\/\/observadorserrano.com.ar\/index.php?rest_route=\/wp\/v2\/users\/2"}],"replies":[{"embeddable":true,"href":"https:\/\/observadorserrano.com.ar\/index.php?rest_route=%2Fwp%2Fv2%2Fcomments&post=9276"}],"version-history":[{"count":3,"href":"https:\/\/observadorserrano.com.ar\/index.php?rest_route=\/wp\/v2\/posts\/9276\/revisions"}],"predecessor-version":[{"id":9280,"href":"https:\/\/observadorserrano.com.ar\/index.php?rest_route=\/wp\/v2\/posts\/9276\/revisions\/9280"}],"wp:featuredmedia":[{"embeddable":true,"href":"https:\/\/observadorserrano.com.ar\/index.php?rest_route=\/wp\/v2\/media\/9277"}],"wp:attachment":[{"href":"https:\/\/observadorserrano.com.ar\/index.php?rest_route=%2Fwp%2Fv2%2Fmedia&parent=9276"}],"wp:term":[{"taxonomy":"category","embeddable":true,"href":"https:\/\/observadorserrano.com.ar\/index.php?rest_route=%2Fwp%2Fv2%2Fcategories&post=9276"},{"taxonomy":"post_tag","embeddable":true,"href":"https:\/\/observadorserrano.com.ar\/index.php?rest_route=%2Fwp%2Fv2%2Ftags&post=9276"}],"curies":[{"name":"wp","href":"https:\/\/api.w.org\/{rel}","templated":true}]}}