{"id":9395,"date":"2023-05-09T09:35:19","date_gmt":"2023-05-09T12:35:19","guid":{"rendered":"https:\/\/observadorserrano.com.ar\/?p=9395"},"modified":"2023-05-09T09:35:19","modified_gmt":"2023-05-09T12:35:19","slug":"gustavo-hector-miganne-q-e-p-d-fallecio-en-tornquist-el-08-de-mayo-de-2023-a-los-63-anos-de-edad","status":"publish","type":"post","link":"https:\/\/observadorserrano.com.ar\/?p=9395","title":{"rendered":"Gustavo H\u00e9ctor MIGANNE &#8211;Q.E.P.D.&#8211;: Falleci\u00f3 en Tornquist el 08 de Mayo de 2023 a los 63 a\u00f1os de edad"},"content":{"rendered":"<div class=\"pf-content\"><blockquote class=\"wp-embedded-content\" data-secret=\"T7v4H7b4c4\"><p><a href=\"http:\/\/www.celttv.com.ar\/index.php\/2023\/05\/09\/gustavo-hector-miganne-q-e-p-d-fallecio-en-tornquist-el-08-de-mayo-de-2023-a-los-63-anos-de-edad\/\">Gustavo H\u00e9ctor MIGANNE &#8211;Q.E.P.D.&#8211;: Falleci\u00f3 en Tornquist el 08 de Mayo de 2023 a los 63 a\u00f1os de edad.<\/a><\/p><\/blockquote>\n<p><iframe class=\"wp-embedded-content\" sandbox=\"allow-scripts\" security=\"restricted\" style=\"position: absolute; clip: rect(1px, 1px, 1px, 1px);\" title=\"\u00abGustavo H\u00e9ctor MIGANNE &#8211;Q.E.P.D.&#8211;: Falleci\u00f3 en Tornquist el 08 de Mayo de 2023 a los 63 a\u00f1os de edad.\u00bb \u2014 CELTTV\" src=\"http:\/\/www.celttv.com.ar\/index.php\/2023\/05\/09\/gustavo-hector-miganne-q-e-p-d-fallecio-en-tornquist-el-08-de-mayo-de-2023-a-los-63-anos-de-edad\/embed\/#?secret=IfUx40XjgT#?secret=T7v4H7b4c4\" data-secret=\"T7v4H7b4c4\" width=\"500\" height=\"282\" frameborder=\"0\" marginwidth=\"0\" marginheight=\"0\" scrolling=\"no\"><\/iframe><\/p>\n<p><span lang=\"ES-TRAD\">Gustavo H\u00e9ctor MIGANNE &#8212;<\/span><span lang=\"ES-TRAD\">Q.E.P.D.&#8211;: Falleci\u00f3 en Tornquist el 08 de Mayo de 2023 a los 63 a\u00f1os de edad. Su hijo Jonathan MIGANNE. Su madre Mar\u00eda Esther ROJAS viuda de MIGANNE. Su hermana Nancy Esther MIGANNE. Su hermano pol\u00edtico Carlos Alberto PORSEL. Sus sobrinos Adri\u00e1n, Mar\u00eda Fernanda, Guadalupe, Sebasti\u00e1n y Juan Bautista PORSEL. Sus sobrinos pol\u00edticos y sobrinos nietos. Sus t\u00edos, t\u00edos pol\u00edticos, amistades y dem\u00e1s familiares participan su deceso y comunican que sus restos ser\u00e1n inhumados hoy (martes 09\/05) a las 12.00 horas en la necr\u00f3polis de nuestra localidad. Casa velatoria G\u00fcemes 236, Tornquist. Casa de duelo Gobernador Ugarte 719, Tornquist. Servicio a cargo de\u00a0<u><\/u>la Cooperativa El\u00e9ctrica<u><\/u>\u00a0Limitada de Tornquist.<\/span><\/p>\n<\/div>","protected":false},"excerpt":{"rendered":"<p>Gustavo H\u00e9ctor MIGANNE &#8211;Q.E.P.D.&#8211;: Falleci\u00f3 en Tornquist el 08 de Mayo de 2023 a los 63 a\u00f1os de edad. Gustavo H\u00e9ctor MIGANNE &#8212;Q.E.P.D.&#8211;: Falleci\u00f3 en Tornquist el 08 de Mayo de 2023 a los 63 a\u00f1os de edad. Su hijo Jonathan MIGANNE. Su madre Mar\u00eda Esther ROJAS viuda de MIGANNE. Su hermana Nancy Esther MIGANNE. [&hellip;]<\/p>\n","protected":false},"author":2,"featured_media":9390,"comment_status":"closed","ping_status":"closed","sticky":false,"template":"","format":"standard","meta":[],"categories":[44],"tags":[147],"_links":{"self":[{"href":"https:\/\/observadorserrano.com.ar\/index.php?rest_route=\/wp\/v2\/posts\/9395"}],"collection":[{"href":"https:\/\/observadorserrano.com.ar\/index.php?rest_route=\/wp\/v2\/posts"}],"about":[{"href":"https:\/\/observadorserrano.com.ar\/index.php?rest_route=\/wp\/v2\/types\/post"}],"author":[{"embeddable":true,"href":"https:\/\/observadorserrano.com.ar\/index.php?rest_route=\/wp\/v2\/users\/2"}],"replies":[{"embeddable":true,"href":"https:\/\/observadorserrano.com.ar\/index.php?rest_route=%2Fwp%2Fv2%2Fcomments&post=9395"}],"version-history":[{"count":1,"href":"https:\/\/observadorserrano.com.ar\/index.php?rest_route=\/wp\/v2\/posts\/9395\/revisions"}],"predecessor-version":[{"id":9396,"href":"https:\/\/observadorserrano.com.ar\/index.php?rest_route=\/wp\/v2\/posts\/9395\/revisions\/9396"}],"wp:featuredmedia":[{"embeddable":true,"href":"https:\/\/observadorserrano.com.ar\/index.php?rest_route=\/wp\/v2\/media\/9390"}],"wp:attachment":[{"href":"https:\/\/observadorserrano.com.ar\/index.php?rest_route=%2Fwp%2Fv2%2Fmedia&parent=9395"}],"wp:term":[{"taxonomy":"category","embeddable":true,"href":"https:\/\/observadorserrano.com.ar\/index.php?rest_route=%2Fwp%2Fv2%2Fcategories&post=9395"},{"taxonomy":"post_tag","embeddable":true,"href":"https:\/\/observadorserrano.com.ar\/index.php?rest_route=%2Fwp%2Fv2%2Ftags&post=9395"}],"curies":[{"name":"wp","href":"https:\/\/api.w.org\/{rel}","templated":true}]}}