{"id":9397,"date":"2023-05-09T21:02:36","date_gmt":"2023-05-10T00:02:36","guid":{"rendered":"https:\/\/observadorserrano.com.ar\/?p=9397"},"modified":"2023-05-09T21:02:36","modified_gmt":"2023-05-10T00:02:36","slug":"se-seleccionaran-dos-personas-para-el-dictado-de-curso","status":"publish","type":"post","link":"https:\/\/observadorserrano.com.ar\/?p=9397","title":{"rendered":"Se seleccionar\u00e1n dos personas para el dictado de curso"},"content":{"rendered":"<div class=\"pf-content\"><blockquote class=\"wp-embedded-content\" data-secret=\"SkpJdiosB6\"><p><a href=\"http:\/\/www.celttv.com.ar\/index.php\/2023\/05\/09\/se-seleccionaran-dos-personas-para-el-dictado-de-curso\/\">Se seleccionar\u00e1n dos personas para el dictado de curso<\/a><\/p><\/blockquote>\n<p><iframe class=\"wp-embedded-content\" sandbox=\"allow-scripts\" security=\"restricted\" style=\"position: absolute; clip: rect(1px, 1px, 1px, 1px);\" title=\"\u00abSe seleccionar\u00e1n dos personas para el dictado de curso\u00bb \u2014 CELTTV\" src=\"http:\/\/www.celttv.com.ar\/index.php\/2023\/05\/09\/se-seleccionaran-dos-personas-para-el-dictado-de-curso\/embed\/#?secret=iJRZX9nEQo#?secret=SkpJdiosB6\" data-secret=\"SkpJdiosB6\" width=\"500\" height=\"282\" frameborder=\"0\" marginwidth=\"0\" marginheight=\"0\" scrolling=\"no\"><\/iframe><\/p>\n<p>La oficina municipal de Empleo se encuentra en lab\u00fasqueda de dos personas para cubrir cargos para el dictado del curso de Operadora\/or de cuidados de adultas\/os mayores, que se dictar\u00e1 en el Centro de Formaci\u00f3n Profesional N\u00b0402.<\/p>\n<p>La b\u00fasqueda est\u00e1 dirigida a:<\/p>\n<p>&#8211; Para los m\u00f3dulos comunes: Lic. en Trabajo Social; Lic. en Psicolog\u00eda; Lic. en Psicolog\u00eda Social, Lic. en Sociolog\u00eda, Lic. en Ciencias de la Educaci\u00f3n; Lic. en Antropolog\u00eda, Lic. en Antropolog\u00eda Social, Lic. en Antropolog\u00eda Social y Cultural, y en general perfiles profesionales y t\u00e9cnicos del \u00e1rea de G\u00e9nero, Desarrollo Social y Salud afines a la tem\u00e1tica de los m\u00f3dulos, en todos los casos con formaci\u00f3n pedag\u00f3gica.<\/p>\n<p>-Para los m\u00f3dulos espec\u00edficos: geront\u00f3loga\/o, Geriatra, Psiquiatra, Lic. en Enfermer\u00eda, y en general perfiles profesionales y t\u00e9cnicos del \u00e1rea de Salud afines a la tem\u00e1tica de cada m\u00f3dulo, con experiencia en el campo y en todos los casos con formaci\u00f3n pedag\u00f3gica.<\/p>\n<p>Los interesados, deben enviar CV a empleotornquist@gmail.com, por WhatsApp al 2914747062, o personalmente en la oficina (Av. San Martin n\u00b0268) de7.00 a 13.00 hs.<\/p>\n<p><img loading=\"lazy\" class=\"alignnone size-medium wp-image-75742\" src=\"http:\/\/www.celttv.com.ar\/wp-content\/uploads\/2023\/05\/cursoadultos-300x300.jpeg\" alt=\"\" width=\"300\" height=\"300\" \/><\/p>\n<\/div>","protected":false},"excerpt":{"rendered":"<p>Se seleccionar\u00e1n dos personas para el dictado de curso La oficina municipal de Empleo se encuentra en lab\u00fasqueda de dos personas para cubrir cargos para el dictado del curso de Operadora\/or de cuidados de adultas\/os mayores, que se dictar\u00e1 en el Centro de Formaci\u00f3n Profesional N\u00b0402. La b\u00fasqueda est\u00e1 dirigida a: &#8211; Para los m\u00f3dulos [&hellip;]<\/p>\n","protected":false},"author":2,"featured_media":9398,"comment_status":"closed","ping_status":"closed","sticky":false,"template":"","format":"standard","meta":[],"categories":[18,43,45],"tags":[2029],"_links":{"self":[{"href":"https:\/\/observadorserrano.com.ar\/index.php?rest_route=\/wp\/v2\/posts\/9397"}],"collection":[{"href":"https:\/\/observadorserrano.com.ar\/index.php?rest_route=\/wp\/v2\/posts"}],"about":[{"href":"https:\/\/observadorserrano.com.ar\/index.php?rest_route=\/wp\/v2\/types\/post"}],"author":[{"embeddable":true,"href":"https:\/\/observadorserrano.com.ar\/index.php?rest_route=\/wp\/v2\/users\/2"}],"replies":[{"embeddable":true,"href":"https:\/\/observadorserrano.com.ar\/index.php?rest_route=%2Fwp%2Fv2%2Fcomments&post=9397"}],"version-history":[{"count":1,"href":"https:\/\/observadorserrano.com.ar\/index.php?rest_route=\/wp\/v2\/posts\/9397\/revisions"}],"predecessor-version":[{"id":9399,"href":"https:\/\/observadorserrano.com.ar\/index.php?rest_route=\/wp\/v2\/posts\/9397\/revisions\/9399"}],"wp:featuredmedia":[{"embeddable":true,"href":"https:\/\/observadorserrano.com.ar\/index.php?rest_route=\/wp\/v2\/media\/9398"}],"wp:attachment":[{"href":"https:\/\/observadorserrano.com.ar\/index.php?rest_route=%2Fwp%2Fv2%2Fmedia&parent=9397"}],"wp:term":[{"taxonomy":"category","embeddable":true,"href":"https:\/\/observadorserrano.com.ar\/index.php?rest_route=%2Fwp%2Fv2%2Fcategories&post=9397"},{"taxonomy":"post_tag","embeddable":true,"href":"https:\/\/observadorserrano.com.ar\/index.php?rest_route=%2Fwp%2Fv2%2Ftags&post=9397"}],"curies":[{"name":"wp","href":"https:\/\/api.w.org\/{rel}","templated":true}]}}