{"id":9708,"date":"2023-06-17T20:57:34","date_gmt":"2023-06-17T23:57:34","guid":{"rendered":"https:\/\/observadorserrano.com.ar\/?p=9708"},"modified":"2023-06-17T20:57:34","modified_gmt":"2023-06-17T23:57:34","slug":"se-registro-un-vuelco-en-la-ruta-76","status":"publish","type":"post","link":"https:\/\/observadorserrano.com.ar\/?p=9708","title":{"rendered":"Se registr\u00f3 un vuelco en la Ruta 76"},"content":{"rendered":"<div class=\"pf-content\"><blockquote class=\"wp-embedded-content\" data-secret=\"xj7ok7wFUQ\"><p><a href=\"http:\/\/www.celttv.com.ar\/index.php\/2023\/06\/17\/se-registro-un-vuelco-en-la-ruta-76\/\">Se registr\u00f3 un vuelco en la Ruta 76<\/a><\/p><\/blockquote>\n<p><iframe class=\"wp-embedded-content\" sandbox=\"allow-scripts\" security=\"restricted\" style=\"position: absolute; clip: rect(1px, 1px, 1px, 1px);\" title=\"\u00abSe registr\u00f3 un vuelco en la Ruta 76\u00bb \u2014 CELTTV\" src=\"http:\/\/www.celttv.com.ar\/index.php\/2023\/06\/17\/se-registro-un-vuelco-en-la-ruta-76\/embed\/#?secret=CsmDDjZcku#?secret=xj7ok7wFUQ\" data-secret=\"xj7ok7wFUQ\" width=\"500\" height=\"282\" frameborder=\"0\" marginwidth=\"0\" marginheight=\"0\" scrolling=\"no\"><\/iframe><\/p>\n<p>Un autom\u00f3vil marca Fiat con 5 ocupantes que viajaba con destino a la comarca serrana termin\u00f3 en la banquina luego de dar un tumbo.<\/p>\n<p>El accidente ocurri\u00f3 en la tarde de hoy a unos 34 kms de Sierra de la Ventana.<\/p>\n<p>Uno de los viajeros debi\u00f3 ser trasladado al hospital menor de Sierra para observaci\u00f3n. El resto no sufrieron da\u00f1os.<\/p>\n<p>Intervinieron bomberos voluntarios de la localidad y polic\u00eda.<\/p>\n<p>Fuente: Radio Reflejos Sierra de la Ventana<\/p>\n<p><img loading=\"lazy\" class=\"alignnone wp-image-76965 size-full\" src=\"http:\/\/www.celttv.com.ar\/wp-content\/uploads\/2023\/06\/2-1.jpg\" alt=\"\" width=\"288\" height=\"640\" \/> <img loading=\"lazy\" class=\"alignnone wp-image-76966 size-full\" src=\"http:\/\/www.celttv.com.ar\/wp-content\/uploads\/2023\/06\/ACCIDENTE-1.jpg\" alt=\"\" width=\"576\" height=\"375\" \/><\/p>\n<\/div>","protected":false},"excerpt":{"rendered":"<p>Se registr\u00f3 un vuelco en la Ruta 76 Un autom\u00f3vil marca Fiat con 5 ocupantes que viajaba con destino a la comarca serrana termin\u00f3 en la banquina luego de dar un tumbo. El accidente ocurri\u00f3 en la tarde de hoy a unos 34 kms de Sierra de la Ventana. Uno de los viajeros debi\u00f3 ser [&hellip;]<\/p>\n","protected":false},"author":2,"featured_media":9709,"comment_status":"closed","ping_status":"closed","sticky":false,"template":"","format":"standard","meta":[],"categories":[18,43,7,9],"tags":[2076],"_links":{"self":[{"href":"https:\/\/observadorserrano.com.ar\/index.php?rest_route=\/wp\/v2\/posts\/9708"}],"collection":[{"href":"https:\/\/observadorserrano.com.ar\/index.php?rest_route=\/wp\/v2\/posts"}],"about":[{"href":"https:\/\/observadorserrano.com.ar\/index.php?rest_route=\/wp\/v2\/types\/post"}],"author":[{"embeddable":true,"href":"https:\/\/observadorserrano.com.ar\/index.php?rest_route=\/wp\/v2\/users\/2"}],"replies":[{"embeddable":true,"href":"https:\/\/observadorserrano.com.ar\/index.php?rest_route=%2Fwp%2Fv2%2Fcomments&post=9708"}],"version-history":[{"count":1,"href":"https:\/\/observadorserrano.com.ar\/index.php?rest_route=\/wp\/v2\/posts\/9708\/revisions"}],"predecessor-version":[{"id":9710,"href":"https:\/\/observadorserrano.com.ar\/index.php?rest_route=\/wp\/v2\/posts\/9708\/revisions\/9710"}],"wp:featuredmedia":[{"embeddable":true,"href":"https:\/\/observadorserrano.com.ar\/index.php?rest_route=\/wp\/v2\/media\/9709"}],"wp:attachment":[{"href":"https:\/\/observadorserrano.com.ar\/index.php?rest_route=%2Fwp%2Fv2%2Fmedia&parent=9708"}],"wp:term":[{"taxonomy":"category","embeddable":true,"href":"https:\/\/observadorserrano.com.ar\/index.php?rest_route=%2Fwp%2Fv2%2Fcategories&post=9708"},{"taxonomy":"post_tag","embeddable":true,"href":"https:\/\/observadorserrano.com.ar\/index.php?rest_route=%2Fwp%2Fv2%2Ftags&post=9708"}],"curies":[{"name":"wp","href":"https:\/\/api.w.org\/{rel}","templated":true}]}}