{"id":9727,"date":"2023-06-19T19:02:59","date_gmt":"2023-06-19T22:02:59","guid":{"rendered":"https:\/\/observadorserrano.com.ar\/?p=9727"},"modified":"2023-06-19T19:25:33","modified_gmt":"2023-06-19T22:25:33","slug":"suspenden-el-acto-y-las-actividades-programadas-por-el-dia-de-la-bandera-en-villa-ventana","status":"publish","type":"post","link":"https:\/\/observadorserrano.com.ar\/?p=9727","title":{"rendered":"Suspenden el acto y las actividades programadas por el D\u00eda de la Bandera en Villa Ventana"},"content":{"rendered":"<div class=\"pf-content\"><blockquote class=\"wp-embedded-content\" data-secret=\"4U4St7pVay\"><p><a href=\"http:\/\/www.celttv.com.ar\/index.php\/2023\/06\/19\/suspenden-el-acto-programado-por-el-dia-de-la-bandera-en-villa-ventana\/\">Suspenden el acto y las actividades programadas por el D\u00eda de la Bandera en Villa Ventana<\/a><\/p><\/blockquote>\n<p><iframe class=\"wp-embedded-content\" sandbox=\"allow-scripts\" security=\"restricted\" style=\"position: absolute; clip: rect(1px, 1px, 1px, 1px);\" title=\"\u00abSuspenden el acto y las actividades programadas por el D\u00eda de la Bandera en Villa Ventana\u00bb \u2014 CELTTV\" src=\"http:\/\/www.celttv.com.ar\/index.php\/2023\/06\/19\/suspenden-el-acto-programado-por-el-dia-de-la-bandera-en-villa-ventana\/embed\/#?secret=O23NxQBFpP#?secret=4U4St7pVay\" data-secret=\"4U4St7pVay\" width=\"500\" height=\"282\" frameborder=\"0\" marginwidth=\"0\" marginheight=\"0\" scrolling=\"no\"><\/iframe><\/p>\n<p>Tornquist Municipio inform\u00f3 que debido a las inclemencias clim\u00e1ticas que se esperan para ma\u00f1ana, martes 20, en la localidad de Villa Ventana, el acto por el D\u00eda de la Bandera, en el marco de la conmemoraci\u00f3n del fallecimiento de Manuel Belgrano, ser\u00e1 suspendido al igual que las actividades recreativas que estaban diagramadas.<\/p>\n<p><img loading=\"lazy\" class=\"alignnone size-full wp-image-9668\" src=\"https:\/\/observadorserrano.com.ar\/wp-content\/uploads\/2023\/06\/actividades20dejunio.jpeg\" alt=\"\" width=\"1080\" height=\"1350\" srcset=\"https:\/\/observadorserrano.com.ar\/wp-content\/uploads\/2023\/06\/actividades20dejunio.jpeg 1080w, https:\/\/observadorserrano.com.ar\/wp-content\/uploads\/2023\/06\/actividades20dejunio-240x300.jpeg 240w, https:\/\/observadorserrano.com.ar\/wp-content\/uploads\/2023\/06\/actividades20dejunio-768x960.jpeg 768w, https:\/\/observadorserrano.com.ar\/wp-content\/uploads\/2023\/06\/actividades20dejunio-819x1024.jpeg 819w, https:\/\/observadorserrano.com.ar\/wp-content\/uploads\/2023\/06\/actividades20dejunio-280x350.jpeg 280w, https:\/\/observadorserrano.com.ar\/wp-content\/uploads\/2023\/06\/actividades20dejunio-750x938.jpeg 750w\" sizes=\"(max-width: 1080px) 100vw, 1080px\" \/><\/p>\n<\/div>","protected":false},"excerpt":{"rendered":"<p>Suspenden el acto y las actividades programadas por el D\u00eda de la Bandera en Villa Ventana Tornquist Municipio inform\u00f3 que debido a las inclemencias clim\u00e1ticas que se esperan para ma\u00f1ana, martes 20, en la localidad de Villa Ventana, el acto por el D\u00eda de la Bandera, en el marco de la conmemoraci\u00f3n del fallecimiento de [&hellip;]<\/p>\n","protected":false},"author":2,"featured_media":9729,"comment_status":"closed","ping_status":"closed","sticky":false,"template":"","format":"standard","meta":[],"categories":[18,19,43,45,11],"tags":[2080],"_links":{"self":[{"href":"https:\/\/observadorserrano.com.ar\/index.php?rest_route=\/wp\/v2\/posts\/9727"}],"collection":[{"href":"https:\/\/observadorserrano.com.ar\/index.php?rest_route=\/wp\/v2\/posts"}],"about":[{"href":"https:\/\/observadorserrano.com.ar\/index.php?rest_route=\/wp\/v2\/types\/post"}],"author":[{"embeddable":true,"href":"https:\/\/observadorserrano.com.ar\/index.php?rest_route=\/wp\/v2\/users\/2"}],"replies":[{"embeddable":true,"href":"https:\/\/observadorserrano.com.ar\/index.php?rest_route=%2Fwp%2Fv2%2Fcomments&post=9727"}],"version-history":[{"count":1,"href":"https:\/\/observadorserrano.com.ar\/index.php?rest_route=\/wp\/v2\/posts\/9727\/revisions"}],"predecessor-version":[{"id":9728,"href":"https:\/\/observadorserrano.com.ar\/index.php?rest_route=\/wp\/v2\/posts\/9727\/revisions\/9728"}],"wp:featuredmedia":[{"embeddable":true,"href":"https:\/\/observadorserrano.com.ar\/index.php?rest_route=\/wp\/v2\/media\/9729"}],"wp:attachment":[{"href":"https:\/\/observadorserrano.com.ar\/index.php?rest_route=%2Fwp%2Fv2%2Fmedia&parent=9727"}],"wp:term":[{"taxonomy":"category","embeddable":true,"href":"https:\/\/observadorserrano.com.ar\/index.php?rest_route=%2Fwp%2Fv2%2Fcategories&post=9727"},{"taxonomy":"post_tag","embeddable":true,"href":"https:\/\/observadorserrano.com.ar\/index.php?rest_route=%2Fwp%2Fv2%2Ftags&post=9727"}],"curies":[{"name":"wp","href":"https:\/\/api.w.org\/{rel}","templated":true}]}}