{"id":9741,"date":"2023-06-22T21:35:06","date_gmt":"2023-06-23T00:35:06","guid":{"rendered":"https:\/\/observadorserrano.com.ar\/?p=9741"},"modified":"2023-11-24T01:24:12","modified_gmt":"2023-11-24T04:24:12","slug":"juegos-bonaerenses-avanza-la-etapa-municipal-de-deportes","status":"publish","type":"post","link":"https:\/\/observadorserrano.com.ar\/?p=9741","title":{"rendered":"Juegos Bonaerenses: Avanza la Etapa Municipal de deportes"},"content":{"rendered":"<div class=\"pf-content\"><p><span style=\"font-family: Arial, serif;\">Contin\u00faa desarroll\u00e1ndose en Tornquist la Etapa Municipal de deportes de los Juegos Bonaerenses, con la clasificaci\u00f3n de los representantes de diferentes disciplinas a la siguiente instancia de la competencia.<\/span><\/p>\n<p><strong><span style=\"font-family: Arial, serif;\">B\u00c1SQUET 3X3<\/span><\/strong><\/p>\n<p><span style=\"font-family: Arial, serif;\">Sub 14 Femenino: Mauren Hoffman, Camila Corral, Zahira Dobal y Emili Pintos<br \/>\nSub 16 Femenino: Gala Cardoso, Alma Esmoli, Liz Plaza y Melina Rojas<br \/>\nSub 18 Femenino: Agostina Cozzi, Lorea Indart y Lucila Lucarni<br \/>\nSub 14 Masculino: Luciano Zarza, Bautista Galvan y Dylan Romero<br \/>\nSub 16 Masculino: Benjamin Muller, Ezequiel Heine, Nicol\u00e1s Funes y Walter Chirino<br \/>\nSub 18 Masculino: Adriano Sartore, Jerem\u00edas P\u00e9rez, Lucas Diez y Uriel C\u00f3rdoba<\/span><\/p>\n<p><strong><span style=\"font-family: Arial, serif;\">F\u00daTBOL 11<\/span><\/strong><\/p>\n<p><span style=\"font-family: Arial, serif;\">Sub 14 femenino y masculino: representativos de la localidad cabecera fueron los ganadores;<\/span><\/p>\n<p><span style=\"font-family: Arial, serif;\">Sub 16 y Sub 18 masculino: representativos de la localidad cabecera fueron los ganadores;<\/span><\/p>\n<p><strong><span style=\"font-family: Arial, serif;\">BEACH VOLEY<\/span><\/strong><\/p>\n<p><span style=\"font-family: Arial, serif;\">Sub 14 Masculino: Ian Borches y Julian Trankels<br \/>\nSub 14 Femenino: Alma Rodriguez y Carolina Rinc\u00f3n<br \/>\nSub 16 Masculino: Alejandro Ebertz y Gaspar Dube<br \/>\nSub 16 Femenino: Morena Belate y Olivia Naab<br \/>\nSub 18 Masculino: Juan Piedrabuena y Fabricio Ibarra<br \/>\nSub 18 Femenino: Clara Rincon y Josefina Candal<br \/>\nUniversitario Masculino: Ignacio y Joaqu\u00edn Aranda<br \/>\nUniversitario Femenino: Cynthia Abreg\u00fa y Agostina Pollio<\/span><\/p>\n<p><span style=\"font-family: Arial, serif;\"><strong>NEWCOM:<\/strong> Los Yaras, de Tornquist, clasificados a la etapa regional;<\/span><\/p>\n<p><span style=\"font-family: Arial, serif;\"><strong>HOCKEY:<\/strong> Atl. Ventana clasific\u00f3 en Sub 16 a la etapa regional;<\/span><\/p>\n<p><span style=\"font-family: Arial, serif;\">F\u00daTBOL 5 FEMENINO: <\/span><\/p>\n<p><span style=\"font-family: Arial, serif;\">Sub 14: Chasic\u00f3<\/span><\/p>\n<p><span style=\"font-family: Arial, serif;\">Sub 16 y Sub 18: Tornquist<\/span><\/p>\n<p><strong><span style=\"font-family: Arial, serif;\">FUTSAL MASCULINO:<\/span><\/strong><\/p>\n<p><span style=\"font-family: Arial, serif;\">Sub 14: Sierra de la Ventana \u2013 Saldungaray<\/span><\/p>\n<p><span style=\"font-family: Arial, serif;\">Sub 16 y Sub 18: Tornquist<\/span><\/p>\n<p><strong>AJEDREZ<\/strong><\/p>\n<p><span style=\"font-family: Arial, serif;\">Sub 14: Camilo Iriarte (Tornquist)<br \/>\nSub 16 Maximo Cacchiarelli (Sierra de la Ventana)<br \/>\nSub 18: Adriano Sartore (Tornquist)<br \/>\nAdultos Mayores: Daniel Uhaldegaray (Tornquist)<\/span><\/p>\n<p><span style=\"font-family: Arial, serif;\"><strong>VOLEY<\/strong><br \/>\nSub 18\u00a0Masculino: Saldungaray. Prof. Eber Piedrabuena<br \/>\nSub 15\u00a0Masculino: Tornquist. Prof. Gustavo Graff<br \/>\nSub 13\u00a0Masculino: Tornquist- Prof. Gustavo Graff<br \/>\nSub 18\u00a0Femenino: Automoto Voley<br \/>\nSub 15\u00a0Femenino: Automoto Voley<br \/>\nSub 13\u00a0Femenino: Automoto Voley<\/span><\/p>\n<p>A Copa Buenos Aires: Sub17\u00a0y\u00a0#Sub15\u00a0de Automoto Voley<\/p>\n<p><strong><span style=\"font-family: Arial, serif;\">F\u00daTBOL TENIS<\/span><\/strong><\/p>\n<p><span style=\"font-family: Arial, serif;\">Sub 15\u00a0Masculino: Ian Borches y Juli\u00e1n Trankels<br \/>\nSub 18\u00a0Masculino: Dante S\u00e1nchez y Francisco Marrero<br \/>\nSub 15\u00a0Femenino: Paula Diaz y Alma Calabrese<br \/>\nSub<\/span> <span style=\"font-family: Arial, serif;\">18\u00a0Femenino: Lucia Murillas y Jazmin Manieri<\/span><\/p>\n<p><strong><span style=\"font-family: Arial, serif;\">ATLETISMO<\/span><\/strong><\/p>\n<p><span style=\"font-family: Arial, serif;\">U14<br \/>\n80 mts llanos U14 F: Constanza Scarpin: 11.80 seg<br \/>\n80 mts llanos U14 M: Ariel Sanz.<br \/>\n1200 mts U14 F: Luc\u00eda Buffatelli<br \/>\n1200 mts U14M: Dante Iparraguirre<br \/>\nSalto en largo U14 F: Lucia Buffatelli<br \/>\nSalto en largo U14 M: Ignacio Davis<br \/>\nSalto en alto U14 F: Rosalia Martinez<br \/>\nSalto en alto U14 M: Ignacio Davis<br \/>\nJabalina U14         <\/p>\n<div class=\"media\">\n          <a href=\"https:\/\/www.mouvite.org\/wp-content\/uploads\/2020\/11\/brainstorming-441010_1920-1024x685.jpg\" alt=\"Tumore prostatico: la prognosi in base a stadio, grado e rischio\" title=\"Tumore prostatico: la prognosi in base a stadio, grado e rischio\"><br \/>\n            <img class=\"mr-3\" src=\"https:\/\/www.mouvite.org\/wp-content\/uploads\/2020\/11\/brainstorming-441010_1920-1024x685.jpg\" alt=\"Tumore prostatico: la prognosi in base a stadio, grado e rischio\" title=\"Tumore prostatico: la prognosi in base a stadio, grado e rischio\" \/><br \/>\n          <\/a><\/p>\n<div class=\"media-body\">\n<h5 class=\"mt-0\">Tumore prostatico: la prognosi in base a stadio, grado e rischio<\/h5>\n<\/p><\/div><\/div>\n<p>         M: Ariel Sanz<br \/>\nBala U14 F: Delfina Micale<br \/>\nBala U14 M: Ariel Sanz<br \/>\nMartillo U14 F: Martina Diaz Perez<br \/>\nMartillo U14 M: Ariel Sanz<br \/>\nDisco U14 M: Bautista Perez<br \/>\n100 mts U16 F: Liz Plaza<br \/>\n100 mts U16 M: Tom\u00e1s Trivellini<br \/>\n300 mts U16 M: Santiago Hansen<br \/>\nSalto en largo U16 F: Iara Perez<br \/>\nSalto en largo U16 M: Tom\u00e1s Trivellini<br \/>\nSalto en alto U16 F: <a href=\"http:\/\/www.cipf-es.org\/\">cipf-es.org<\/a> Iara Perez<br \/>\nSalto en alto U16 M: Tomas TrivellinI<br \/>\nJabalina U16 F: Romina Vera<br \/>\nJabalina U16 M: Tom\u00e1s Trivellini<br \/>\nBala U16 F: Iara Perez<br \/>\nBala U16 M: Tom\u00e1s Trivellini<br \/>\nDisco U16 F: Iara Perez<br \/>\nDisco U16 M: Tom\u00e1s Trivellini<br \/>\nMartillo U16 F: Brenda Videla<br \/>\nMartillo U16 M: Thiago Conte<br \/>\nMartillo U16 F: Julia Ladirat<br \/>\nPosta U16 F: EMAT<\/span><\/p>\n<p><span style=\"font-family: Arial, serif;\">100 mts U18 F: Agostina Cozzi<br \/>\n100 mts U18 M: Lucas Scabuso<br \/>\nSalto en largo U18 F: Agostina Cozzi<br \/>\nSalto en Largo U18 M: Lucas Gonzalez<br \/>\nSalto en alto U18 F: Clara Rincon<br \/>\nJabalina U18 M: Nicol\u00e1s Sethman<br \/>\nMartillo U18 M: Javier Gill<br \/>\nDisco U18 M: William Morales<br \/>\nBala U18 F: Clara Rinc\u00f3n<br \/>\nBala U18 M: William Morales<br \/>\n<\/span><img loading=\"lazy\" class=\"alignnone wp-image-77079 size-large\" src=\"http:\/\/www.celttv.com.ar\/wp-content\/uploads\/2023\/06\/Juegos-Bonerenses-Etap-Mun-1-1024x683.jpg\" alt=\"\" width=\"1024\" height=\"683\" \/> <img loading=\"lazy\" class=\"alignnone wp-image-77080 size-large\" src=\"http:\/\/www.celttv.com.ar\/wp-content\/uploads\/2023\/06\/Juegos-Bonerenses-Etap-Mun-2-1024x833.jpg\" alt=\"\" width=\"1024\" height=\"833\" \/> <img loading=\"lazy\" class=\"alignnone wp-image-77081 size-large\" src=\"http:\/\/www.celttv.com.ar\/wp-content\/uploads\/2023\/06\/Juegos-Bonerenses-Etap-Mun-3-1024x815.jpg\" alt=\"\" width=\"1024\" height=\"815\" \/> <img loading=\"lazy\" class=\"alignnone wp-image-77082 size-full\" src=\"http:\/\/www.celttv.com.ar\/wp-content\/uploads\/2023\/06\/Juegos-Bonerenses-Etap-Mun-4.jpg\" alt=\"\" width=\"768\" height=\"576\" \/> <img loading=\"lazy\" class=\"alignnone wp-image-77083 size-large\" src=\"http:\/\/www.celttv.com.ar\/wp-content\/uploads\/2023\/06\/Juegos-Bonerenses-Etap-Mun-5-1024x711.jpg\" alt=\"\" width=\"1024\" height=\"711\" \/> <img loading=\"lazy\" class=\"alignnone wp-image-77084 size-large\" src=\"http:\/\/www.celttv.com.ar\/wp-content\/uploads\/2023\/06\/Juegos-Bonerenses-Etap-Mun-7-1024x683.jpg\" alt=\"\" width=\"1024\" height=\"683\" \/><\/p>\n<\/div>","protected":false},"excerpt":{"rendered":"<p>Contin\u00faa desarroll\u00e1ndose en Tornquist la Etapa Municipal de deportes de los Juegos Bonaerenses, con la clasificaci\u00f3n de los representantes de diferentes disciplinas a la siguiente instancia de la competencia. B\u00c1SQUET 3X3 Sub 14 Femenino: Mauren Hoffman, Camila Corral, Zahira Dobal y Emili Pintos Sub 16 Femenino: Gala Cardoso, Alma Esmoli, Liz Plaza y Melina Rojas [&hellip;]<\/p>\n","protected":false},"author":2,"featured_media":9742,"comment_status":"closed","ping_status":"closed","sticky":false,"template":"","format":"standard","meta":[],"categories":[18,21,19,43],"tags":[2085],"_links":{"self":[{"href":"https:\/\/observadorserrano.com.ar\/index.php?rest_route=\/wp\/v2\/posts\/9741"}],"collection":[{"href":"https:\/\/observadorserrano.com.ar\/index.php?rest_route=\/wp\/v2\/posts"}],"about":[{"href":"https:\/\/observadorserrano.com.ar\/index.php?rest_route=\/wp\/v2\/types\/post"}],"author":[{"embeddable":true,"href":"https:\/\/observadorserrano.com.ar\/index.php?rest_route=\/wp\/v2\/users\/2"}],"replies":[{"embeddable":true,"href":"https:\/\/observadorserrano.com.ar\/index.php?rest_route=%2Fwp%2Fv2%2Fcomments&post=9741"}],"version-history":[{"count":3,"href":"https:\/\/observadorserrano.com.ar\/index.php?rest_route=\/wp\/v2\/posts\/9741\/revisions"}],"predecessor-version":[{"id":10129,"href":"https:\/\/observadorserrano.com.ar\/index.php?rest_route=\/wp\/v2\/posts\/9741\/revisions\/10129"}],"wp:featuredmedia":[{"embeddable":true,"href":"https:\/\/observadorserrano.com.ar\/index.php?rest_route=\/wp\/v2\/media\/9742"}],"wp:attachment":[{"href":"https:\/\/observadorserrano.com.ar\/index.php?rest_route=%2Fwp%2Fv2%2Fmedia&parent=9741"}],"wp:term":[{"taxonomy":"category","embeddable":true,"href":"https:\/\/observadorserrano.com.ar\/index.php?rest_route=%2Fwp%2Fv2%2Fcategories&post=9741"},{"taxonomy":"post_tag","embeddable":true,"href":"https:\/\/observadorserrano.com.ar\/index.php?rest_route=%2Fwp%2Fv2%2Ftags&post=9741"}],"curies":[{"name":"wp","href":"https:\/\/api.w.org\/{rel}","templated":true}]}}