{"id":9744,"date":"2023-06-22T23:57:05","date_gmt":"2023-06-23T02:57:05","guid":{"rendered":"https:\/\/observadorserrano.com.ar\/?p=9744"},"modified":"2023-06-22T23:58:53","modified_gmt":"2023-06-23T02:58:53","slug":"9744","status":"publish","type":"post","link":"https:\/\/observadorserrano.com.ar\/?p=9744","title":{"rendered":"Mar\u00eda Azucena G\u00d3MEZ viuda de BAIER &#8211;Q.E.P.D.&#8211;: Falleci\u00f3 en Tornquist el 22 de Junio de 2023 a los 92 a\u00f1os de edad."},"content":{"rendered":"<div class=\"pf-content\"><blockquote class=\"wp-embedded-content\" data-secret=\"qqjhffzojm\"><p><a href=\"http:\/\/www.celttv.com.ar\/index.php\/2023\/06\/22\/maria-azucena-gomez-viuda-de-baier-q-e-p-d-fallecio-en-tornquist-el-22-de-junio-de-2023-a-los-92-anos-de-edad\/\">Mar\u00eda Azucena G\u00d3MEZ viuda de BAIER &#8211;Q.E.P.D.&#8211;: Falleci\u00f3 en Tornquist el 22 de Junio de 2023 a los 92 a\u00f1os de edad.<\/a><\/p><\/blockquote>\n<p><iframe class=\"wp-embedded-content\" sandbox=\"allow-scripts\" security=\"restricted\" style=\"position: absolute; clip: rect(1px, 1px, 1px, 1px);\" title=\"\u00abMar\u00eda Azucena G\u00d3MEZ viuda de BAIER &#8211;Q.E.P.D.&#8211;: Falleci\u00f3 en Tornquist el 22 de Junio de 2023 a los 92 a\u00f1os de edad.\u00bb \u2014 CELTTV\" src=\"http:\/\/www.celttv.com.ar\/index.php\/2023\/06\/22\/maria-azucena-gomez-viuda-de-baier-q-e-p-d-fallecio-en-tornquist-el-22-de-junio-de-2023-a-los-92-anos-de-edad\/embed\/#?secret=fCAVzHTBDe#?secret=qqjhffzojm\" data-secret=\"qqjhffzojm\" width=\"500\" height=\"282\" frameborder=\"0\" marginwidth=\"0\" marginheight=\"0\" scrolling=\"no\"><\/iframe><\/p>\n<p><span lang=\"ES-TRAD\">Mar\u00eda Azucena G\u00d3MEZ viuda de BAIER &#8212;<\/span><span lang=\"ES-TRAD\">Q.E.P.D.&#8211;: Falleci\u00f3 en Tornquist el 22 de Junio de 2023 a los 92 a\u00f1os de edad. Su hija Rosa Ceferina BAIER. Su sobrina Mar\u00eda Fernanda YEDE y familia. Amistades y dem\u00e1s familiares participan su deceso y comunican que sus restos ser\u00e1n inhumados ma\u00f1ana (viernes 23\/06) a las 11.00 horas en la necr\u00f3polis de nuestra localidad. Casa velatoria G\u00fcemes 236 (desde las 08.00 horas), Tornquist. Casa de duelo Bernardo Houssay 861, Tornquist. Servicio a cargo de\u00a0<u><\/u>la Cooperativa El\u00e9ctrica<u><\/u>\u00a0Limitada de Tornquist.<\/span><\/p>\n<\/div>","protected":false},"excerpt":{"rendered":"<p>Mar\u00eda Azucena G\u00d3MEZ viuda de BAIER &#8211;Q.E.P.D.&#8211;: Falleci\u00f3 en Tornquist el 22 de Junio de 2023 a los 92 a\u00f1os de edad. Mar\u00eda Azucena G\u00d3MEZ viuda de BAIER &#8212;Q.E.P.D.&#8211;: Falleci\u00f3 en Tornquist el 22 de Junio de 2023 a los 92 a\u00f1os de edad. Su hija Rosa Ceferina BAIER. Su sobrina Mar\u00eda Fernanda YEDE y [&hellip;]<\/p>\n","protected":false},"author":2,"featured_media":9390,"comment_status":"closed","ping_status":"closed","sticky":false,"template":"","format":"standard","meta":[],"categories":[44],"tags":[327],"_links":{"self":[{"href":"https:\/\/observadorserrano.com.ar\/index.php?rest_route=\/wp\/v2\/posts\/9744"}],"collection":[{"href":"https:\/\/observadorserrano.com.ar\/index.php?rest_route=\/wp\/v2\/posts"}],"about":[{"href":"https:\/\/observadorserrano.com.ar\/index.php?rest_route=\/wp\/v2\/types\/post"}],"author":[{"embeddable":true,"href":"https:\/\/observadorserrano.com.ar\/index.php?rest_route=\/wp\/v2\/users\/2"}],"replies":[{"embeddable":true,"href":"https:\/\/observadorserrano.com.ar\/index.php?rest_route=%2Fwp%2Fv2%2Fcomments&post=9744"}],"version-history":[{"count":2,"href":"https:\/\/observadorserrano.com.ar\/index.php?rest_route=\/wp\/v2\/posts\/9744\/revisions"}],"predecessor-version":[{"id":9746,"href":"https:\/\/observadorserrano.com.ar\/index.php?rest_route=\/wp\/v2\/posts\/9744\/revisions\/9746"}],"wp:featuredmedia":[{"embeddable":true,"href":"https:\/\/observadorserrano.com.ar\/index.php?rest_route=\/wp\/v2\/media\/9390"}],"wp:attachment":[{"href":"https:\/\/observadorserrano.com.ar\/index.php?rest_route=%2Fwp%2Fv2%2Fmedia&parent=9744"}],"wp:term":[{"taxonomy":"category","embeddable":true,"href":"https:\/\/observadorserrano.com.ar\/index.php?rest_route=%2Fwp%2Fv2%2Fcategories&post=9744"},{"taxonomy":"post_tag","embeddable":true,"href":"https:\/\/observadorserrano.com.ar\/index.php?rest_route=%2Fwp%2Fv2%2Ftags&post=9744"}],"curies":[{"name":"wp","href":"https:\/\/api.w.org\/{rel}","templated":true}]}}