{"id":9747,"date":"2023-06-23T16:48:02","date_gmt":"2023-06-23T19:48:02","guid":{"rendered":"https:\/\/observadorserrano.com.ar\/?p=9747"},"modified":"2023-10-22T13:16:03","modified_gmt":"2023-10-22T16:16:03","slug":"porteno-vs-atletico-ventana-debera-disputarse-sin-publico-visitante","status":"publish","type":"post","link":"https:\/\/observadorserrano.com.ar\/?p=9747","title":{"rendered":"Porte\u00f1o vs Atl\u00e9tico Ventana deber\u00e1 disputarse sin p\u00fablico visitante"},"content":{"rendered":"<div class=\"pf-content\"><blockquote class=\"wp-embedded-content\" data-secret=\"91P8UnnjYD\"><p><a href=\"http:\/\/www.celttv.com.ar\/index.php\/2023\/06\/23\/porteno-vs-atletico-ventana-debera-disputarse-sin-publico-visitante\/\">Porte\u00f1o vs Atl\u00e9tico Ventana deber\u00e1 disputarse sin p\u00fablico visitante<\/a><\/p><\/blockquote>\n<p><iframe class=\"wp-embedded-content\" sandbox=\"allow-scripts\" security=\"restricted\" style=\"position: absolute; clip: rect(1px, 1px, 1px, 1px);\" title=\"\u00abPorte\u00f1o vs Atl\u00e9tico Ventana deber\u00e1 disputarse sin p\u00fablico visitante\u00bb \u2014 CELTTV\" src=\"http:\/\/www.celttv.com.ar\/index.php\/2023\/06\/23\/porteno-vs-atletico-ventana-debera-disputarse-sin-publico-visitante\/embed\/#?secret=IsT9083B1K#?secret=91P8UnnjYD\" data-secret=\"91P8UnnjYD\" width=\"500\" height=\"282\" frameborder=\"0\" marginwidth=\"0\" marginheight=\"0\" scrolling=\"no\"><\/iframe><\/p>\n<p>La Secretaria de Gobierno y Seguridad, informa que A.Pre.Vi.De (Agencia Prevenci\u00f3n de la Violencia en el Deporte), determin\u00f3 que el partido de f\u00fatbol entre los clubes Porte\u00f1o y Atl\u00e9tico Ventana, deber\u00e1 disputarse sin la presencia del p\u00fablico visitante; debido a que no est\u00e1n dadas las condiciones de seguridad necesarias para que puedan estar ambas parcialidades.<\/p>\n<p>&nbsp;<\/p>\n<h1 class=\"single-post-title\"><span class=\"post-title\">Hist\u00f3rico: tres d\u00e9cadas despu\u00e9s regresa el cl\u00e1sico de la comarca<\/span><\/h1>\n<p>Volver\u00e1n a estar frente a frente Porte\u00f1o y Atl\u00e9tico. Esta ma\u00f1ana personal del A.Pre.Vi.De. recorrer\u00e1 las instalaciones del elenco de Saldungaray para determinar cu\u00e1les ser\u00e1n las medidas de seguridad que impondr\u00e1n.<\/p>\n<p>En La Plata no entend\u00edan pues hubo que explicarles en detalle. Pese a la extrema cercan\u00eda geogr\u00e1fica, hace m\u00e1s de 30 a\u00f1os que Porte\u00f1o de Saldungaray y Atl\u00e9tico Ventana no comparten liga, <a href=\"https:\/\/www.canaltaronja.cat\/central\/farmacia\/comprar-viagra-generica\/\">canaltaronja.cat<\/a> y de all\u00ed que resulte l\u00f3gico que el A.Pre.Vi.De no tenga registros al respecto.<\/p>\n<p>Lo cierto es que la Agencia de Prevenci\u00f3n de la Violencia en el Deporte estar\u00e1 recorriendo este jueves las instalaciones de Porte\u00f1o para determinar de esa manera qu\u00e9 operativo de seguridad se llevar\u00e1 adelante. Al mismo tiempo, y quiz\u00e1s el punto m\u00e1s importante para los hinchas; si permitir\u00e1n p\u00fablico visitante.<\/p>\n<p>El hecho sin lugar a dudas representar\u00e1 un punto de relevancia en la historia deportiva de la comarca. Incluso muchos de los que hoy se encuentran expectantes por el derby no hab\u00edan nacido la \u00faltima vez que ambos cuadros se vieron la cara.<\/p>\n<p>Casi sin saberlo la temporada 1988\/89 marc\u00f3 un prolongado parate de la rivalidad m\u00e1s representativa de la zona, debido a que al elegir distintas ligas para continuar jugando, el cl\u00e1sico entr\u00f3 un impasse que fue cubri\u00e9ndose de polvo y olvido, m\u00e1s all\u00e1 de alguna charla de caf\u00e9 con sabor a a\u00f1oranza.<\/p>\n<p>La comarca recupera un evento de relevancia, por lo que como comunicadores, desde FM Reflejos, pedimos que se disfrute al m\u00e1ximo, que reavive todo el folklore, pero lo m\u00e1s importante: que la violencia no tenga lugar.<\/p>\n<p>Fuente: noticiasradioreflejos.com.ar<\/p>\n<p><img loading=\"lazy\" class=\"alignnone wp-image-77090 size-full\" src=\"http:\/\/www.celttv.com.ar\/wp-content\/uploads\/2023\/06\/portventana.jpg\" alt=\"\" width=\"750\" height=\"375\" \/><\/p>\n<\/div>","protected":false},"excerpt":{"rendered":"<p>Porte\u00f1o vs Atl\u00e9tico Ventana deber\u00e1 disputarse sin p\u00fablico visitante La Secretaria de Gobierno y Seguridad, informa que A.Pre.Vi.De (Agencia Prevenci\u00f3n de la Violencia en el Deporte), determin\u00f3 que el partido de f\u00fatbol entre los clubes Porte\u00f1o y Atl\u00e9tico Ventana, deber\u00e1 disputarse sin la presencia del p\u00fablico visitante; debido a que no est\u00e1n dadas las condiciones [&hellip;]<\/p>\n","protected":false},"author":2,"featured_media":9748,"comment_status":"closed","ping_status":"closed","sticky":false,"template":"","format":"standard","meta":[],"categories":[18,21,43,45],"tags":[2086],"_links":{"self":[{"href":"https:\/\/observadorserrano.com.ar\/index.php?rest_route=\/wp\/v2\/posts\/9747"}],"collection":[{"href":"https:\/\/observadorserrano.com.ar\/index.php?rest_route=\/wp\/v2\/posts"}],"about":[{"href":"https:\/\/observadorserrano.com.ar\/index.php?rest_route=\/wp\/v2\/types\/post"}],"author":[{"embeddable":true,"href":"https:\/\/observadorserrano.com.ar\/index.php?rest_route=\/wp\/v2\/users\/2"}],"replies":[{"embeddable":true,"href":"https:\/\/observadorserrano.com.ar\/index.php?rest_route=%2Fwp%2Fv2%2Fcomments&post=9747"}],"version-history":[{"count":2,"href":"https:\/\/observadorserrano.com.ar\/index.php?rest_route=\/wp\/v2\/posts\/9747\/revisions"}],"predecessor-version":[{"id":10073,"href":"https:\/\/observadorserrano.com.ar\/index.php?rest_route=\/wp\/v2\/posts\/9747\/revisions\/10073"}],"wp:featuredmedia":[{"embeddable":true,"href":"https:\/\/observadorserrano.com.ar\/index.php?rest_route=\/wp\/v2\/media\/9748"}],"wp:attachment":[{"href":"https:\/\/observadorserrano.com.ar\/index.php?rest_route=%2Fwp%2Fv2%2Fmedia&parent=9747"}],"wp:term":[{"taxonomy":"category","embeddable":true,"href":"https:\/\/observadorserrano.com.ar\/index.php?rest_route=%2Fwp%2Fv2%2Fcategories&post=9747"},{"taxonomy":"post_tag","embeddable":true,"href":"https:\/\/observadorserrano.com.ar\/index.php?rest_route=%2Fwp%2Fv2%2Ftags&post=9747"}],"curies":[{"name":"wp","href":"https:\/\/api.w.org\/{rel}","templated":true}]}}