{"id":9750,"date":"2023-06-23T17:43:56","date_gmt":"2023-06-23T20:43:56","guid":{"rendered":"https:\/\/observadorserrano.com.ar\/?p=9750"},"modified":"2023-06-23T17:43:56","modified_gmt":"2023-06-23T20:43:56","slug":"sandra-kifer-e-integrantes-de-su-lista-estuvieron-en-la-mesa-de-opiniones","status":"publish","type":"post","link":"https:\/\/observadorserrano.com.ar\/?p=9750","title":{"rendered":"Sandra Kifer e integrantes de su lista estuvieron en la mesa de Opiniones"},"content":{"rendered":"<div class=\"pf-content\"><blockquote class=\"wp-embedded-content\" data-secret=\"D6dBaSEzPC\"><p><a href=\"http:\/\/www.celttv.com.ar\/index.php\/2023\/06\/23\/sandra-kifer-e-integrantes-de-su-lista-estuvieron-en-la-mesa-de-opiniones\/\">Sandra Kifer e integrantes de su lista estuvieron en la mesa de Opiniones<\/a><\/p><\/blockquote>\n<p><iframe class=\"wp-embedded-content\" sandbox=\"allow-scripts\" security=\"restricted\" style=\"position: absolute; clip: rect(1px, 1px, 1px, 1px);\" title=\"\u00abSandra Kifer e integrantes de su lista estuvieron en la mesa de Opiniones\u00bb \u2014 CELTTV\" src=\"http:\/\/www.celttv.com.ar\/index.php\/2023\/06\/23\/sandra-kifer-e-integrantes-de-su-lista-estuvieron-en-la-mesa-de-opiniones\/embed\/#?secret=nwpucVzW6Y#?secret=D6dBaSEzPC\" data-secret=\"D6dBaSEzPC\" width=\"500\" height=\"282\" frameborder=\"0\" marginwidth=\"0\" marginheight=\"0\" scrolling=\"no\"><\/iframe><\/p>\n<p>La precandidata de la UCR. para las PASO en el distrito de Tornquist, comparti\u00f3 el programa Opiniones acompa\u00f1ada de integrantes de su lista.<\/p>\n<p>Adem\u00e1s de <strong>Sandra Kifer<\/strong> estuvieron <strong>Juan Carlos Gelos<\/strong> (Precandidato a Concejal), <strong>Valeria Bustos<\/strong> (precandidata a Consejera Escolar) y <strong>Alejandro Paris<\/strong> (precandidato a concejal)<\/p>\n<div class=\"jeg_video_container jeg_video_content\"><iframe loading=\"lazy\" title=\"2023 06 22 OPINIONES\" width=\"500\" height=\"281\" src=\"https:\/\/www.youtube.com\/embed\/PqJdI1WfgMo?feature=oembed\" frameborder=\"0\" allow=\"accelerometer; autoplay; clipboard-write; encrypted-media; gyroscope; picture-in-picture; web-share\" allowfullscreen><\/iframe><\/div>\n<p>&nbsp;<\/p>\n<\/div>","protected":false},"excerpt":{"rendered":"<p>Sandra Kifer e integrantes de su lista estuvieron en la mesa de Opiniones La precandidata de la UCR. para las PASO en el distrito de Tornquist, comparti\u00f3 el programa Opiniones acompa\u00f1ada de integrantes de su lista. Adem\u00e1s de Sandra Kifer estuvieron Juan Carlos Gelos (Precandidato a Concejal), Valeria Bustos (precandidata a Consejera Escolar) y Alejandro [&hellip;]<\/p>\n","protected":false},"author":2,"featured_media":9751,"comment_status":"closed","ping_status":"closed","sticky":false,"template":"","format":"standard","meta":[],"categories":[18,43,11],"tags":[2087],"_links":{"self":[{"href":"https:\/\/observadorserrano.com.ar\/index.php?rest_route=\/wp\/v2\/posts\/9750"}],"collection":[{"href":"https:\/\/observadorserrano.com.ar\/index.php?rest_route=\/wp\/v2\/posts"}],"about":[{"href":"https:\/\/observadorserrano.com.ar\/index.php?rest_route=\/wp\/v2\/types\/post"}],"author":[{"embeddable":true,"href":"https:\/\/observadorserrano.com.ar\/index.php?rest_route=\/wp\/v2\/users\/2"}],"replies":[{"embeddable":true,"href":"https:\/\/observadorserrano.com.ar\/index.php?rest_route=%2Fwp%2Fv2%2Fcomments&post=9750"}],"version-history":[{"count":1,"href":"https:\/\/observadorserrano.com.ar\/index.php?rest_route=\/wp\/v2\/posts\/9750\/revisions"}],"predecessor-version":[{"id":9752,"href":"https:\/\/observadorserrano.com.ar\/index.php?rest_route=\/wp\/v2\/posts\/9750\/revisions\/9752"}],"wp:featuredmedia":[{"embeddable":true,"href":"https:\/\/observadorserrano.com.ar\/index.php?rest_route=\/wp\/v2\/media\/9751"}],"wp:attachment":[{"href":"https:\/\/observadorserrano.com.ar\/index.php?rest_route=%2Fwp%2Fv2%2Fmedia&parent=9750"}],"wp:term":[{"taxonomy":"category","embeddable":true,"href":"https:\/\/observadorserrano.com.ar\/index.php?rest_route=%2Fwp%2Fv2%2Fcategories&post=9750"},{"taxonomy":"post_tag","embeddable":true,"href":"https:\/\/observadorserrano.com.ar\/index.php?rest_route=%2Fwp%2Fv2%2Ftags&post=9750"}],"curies":[{"name":"wp","href":"https:\/\/api.w.org\/{rel}","templated":true}]}}