{"id":9760,"date":"2023-06-24T11:04:55","date_gmt":"2023-06-24T14:04:55","guid":{"rendered":"https:\/\/observadorserrano.com.ar\/?p=9760"},"modified":"2023-06-24T11:04:55","modified_gmt":"2023-06-24T14:04:55","slug":"la-lista-de-sergio-bordoni-para-las-paso","status":"publish","type":"post","link":"https:\/\/observadorserrano.com.ar\/?p=9760","title":{"rendered":"La lista de Sergio Bordoni para las Paso"},"content":{"rendered":"<div class=\"pf-content\"><blockquote class=\"wp-embedded-content\" data-secret=\"9NEPBeFP6w\"><p><a href=\"http:\/\/www.celttv.com.ar\/index.php\/2023\/06\/24\/la-lista-de-sergio-bordoni-para-las-paso\/\">La lista de Sergio Bordoni para las Paso<\/a><\/p><\/blockquote>\n<p><iframe class=\"wp-embedded-content\" sandbox=\"allow-scripts\" security=\"restricted\" style=\"position: absolute; clip: rect(1px, 1px, 1px, 1px);\" title=\"\u00abLa lista de Sergio Bordoni para las Paso\u00bb \u2014 CELTTV\" src=\"http:\/\/www.celttv.com.ar\/index.php\/2023\/06\/24\/la-lista-de-sergio-bordoni-para-las-paso\/embed\/#?secret=1BvwbASgA7#?secret=9NEPBeFP6w\" data-secret=\"9NEPBeFP6w\" width=\"500\" height=\"282\" frameborder=\"0\" marginwidth=\"0\" marginheight=\"0\" scrolling=\"no\"><\/iframe><\/p>\n<p><strong>Sergio Bordoni<\/strong>, pre candidato a Intendente dio a conocer los nombres de la lista que llevar\u00e1 a las primarias como <strong>Frente Renovador<\/strong> en Uni\u00f3n por la Patria.<\/p>\n<p><strong>Concejales Titulares<\/strong><\/p>\n<p>1-<strong>Estefania Bordoni<\/strong>-Tornquist<\/p>\n<p>2-<strong>Belber Mart\u00edn Rub\u00e9n Olhaberry<\/strong> (Sierra de la Ventana)<\/p>\n<p>3-<strong>Luciana Beatriz Mainero Hesayne<\/strong> (Saldungaray)<\/p>\n<p>4-<strong>Javier Martin Llarul<\/strong> (Villa Ventana)<\/p>\n<p>5-<strong> Romanella Rita Bergesio<\/strong> (Tornquist)<\/p>\n<p>6- <strong>Branko Jes\u00fas De Sabarte<\/strong> (Tornquist)<\/p>\n<p><strong>Concejales Suplentes<\/strong><\/p>\n<p>1-<strong>Itati del Valle Maidana<\/strong> (Sierra de la Ventana)<\/p>\n<p>2-<strong> Eber Dario Alberdi<\/strong> ( Chasico)<\/p>\n<p>3- <strong>Silvina Luj\u00e1n Islas<\/strong> (Tres Picos)<\/p>\n<p>4- <strong>Eugenio Domingo Vilches<\/strong> (Tornquist)<\/p>\n<p><strong>Consejeros Escolares Titulares<\/strong><\/p>\n<p>1-<strong>Alfonsina Edith Sagredo<\/strong> (Tornquist)<\/p>\n<p>2- <strong>Carlos Alberto Lamas<\/strong> (Villa Ventana)<\/p>\n<p><strong>Suplentes<\/strong><\/p>\n<p>1- <strong>Mar\u00eda Antonella Rinaldi<\/strong> (Sierra de la Ventana)<\/p>\n<p>2-<strong> Juan Manuel Vigil<\/strong> (Tornquist)<\/p>\n<\/div>","protected":false},"excerpt":{"rendered":"<p>La lista de Sergio Bordoni para las Paso Sergio Bordoni, pre candidato a Intendente dio a conocer los nombres de la lista que llevar\u00e1 a las primarias como Frente Renovador en Uni\u00f3n por la Patria. Concejales Titulares 1-Estefania Bordoni-Tornquist 2-Belber Mart\u00edn Rub\u00e9n Olhaberry (Sierra de la Ventana) 3-Luciana Beatriz Mainero Hesayne (Saldungaray) 4-Javier Martin Llarul [&hellip;]<\/p>\n","protected":false},"author":2,"featured_media":9761,"comment_status":"closed","ping_status":"closed","sticky":false,"template":"","format":"standard","meta":[],"categories":[18,43,11],"tags":[2092],"_links":{"self":[{"href":"https:\/\/observadorserrano.com.ar\/index.php?rest_route=\/wp\/v2\/posts\/9760"}],"collection":[{"href":"https:\/\/observadorserrano.com.ar\/index.php?rest_route=\/wp\/v2\/posts"}],"about":[{"href":"https:\/\/observadorserrano.com.ar\/index.php?rest_route=\/wp\/v2\/types\/post"}],"author":[{"embeddable":true,"href":"https:\/\/observadorserrano.com.ar\/index.php?rest_route=\/wp\/v2\/users\/2"}],"replies":[{"embeddable":true,"href":"https:\/\/observadorserrano.com.ar\/index.php?rest_route=%2Fwp%2Fv2%2Fcomments&post=9760"}],"version-history":[{"count":1,"href":"https:\/\/observadorserrano.com.ar\/index.php?rest_route=\/wp\/v2\/posts\/9760\/revisions"}],"predecessor-version":[{"id":9762,"href":"https:\/\/observadorserrano.com.ar\/index.php?rest_route=\/wp\/v2\/posts\/9760\/revisions\/9762"}],"wp:featuredmedia":[{"embeddable":true,"href":"https:\/\/observadorserrano.com.ar\/index.php?rest_route=\/wp\/v2\/media\/9761"}],"wp:attachment":[{"href":"https:\/\/observadorserrano.com.ar\/index.php?rest_route=%2Fwp%2Fv2%2Fmedia&parent=9760"}],"wp:term":[{"taxonomy":"category","embeddable":true,"href":"https:\/\/observadorserrano.com.ar\/index.php?rest_route=%2Fwp%2Fv2%2Fcategories&post=9760"},{"taxonomy":"post_tag","embeddable":true,"href":"https:\/\/observadorserrano.com.ar\/index.php?rest_route=%2Fwp%2Fv2%2Ftags&post=9760"}],"curies":[{"name":"wp","href":"https:\/\/api.w.org\/{rel}","templated":true}]}}