{"id":9766,"date":"2023-06-24T20:52:04","date_gmt":"2023-06-24T23:52:04","guid":{"rendered":"https:\/\/observadorserrano.com.ar\/?p=9766"},"modified":"2023-11-21T00:08:12","modified_gmt":"2023-11-21T03:08:12","slug":"excelente-perfomance-de-lara-vanoli-en-la-competencia-internacional-realizada-en-chile","status":"publish","type":"post","link":"https:\/\/observadorserrano.com.ar\/?p=9766","title":{"rendered":"Excelente perfomance de Lara Vanoli en la competencia internacional realizada en Chile"},"content":{"rendered":"<div class=\"pf-content\"><blockquote class=\"wp-embedded-content\" data-secret=\"APrBlYGy0N\"><p><a href=\"http:\/\/www.celttv.com.ar\/index.php\/2023\/06\/24\/excelente-perfomance-de-lara-vanoli-en-chile\/\">Excelente perfomance de Lara Vanoli en la competencia internacional realizada en Chile<\/a><\/p><\/blockquote>\n<p><iframe class=\"wp-embedded-content\" sandbox=\"allow-scripts\" security=\"restricted\" style=\"position: absolute; clip: rect(1px, 1px, 1px, 1px);\" title=\"\u00abExcelente perfomance de Lara Vanoli en la competencia internacional realizada en Chile\u00bb \u2014 CELTTV\" src=\"http:\/\/www.celttv.com.ar\/index.php\/2023\/06\/24\/excelente-perfomance-de-lara-vanoli-en-chile\/embed\/#?secret=qpVgeaCMcs#?secret=APrBlYGy0N\" data-secret=\"APrBlYGy0N\" width=\"500\" height=\"282\" frameborder=\"0\" marginwidth=\"0\" marginheight=\"0\" scrolling=\"no\"><\/iframe><\/p>\n<p>Importante logro de la joven Tornquistense Lara Vanoli obteniendo el tercer lugar en la competencia internacional de acrobacias sobre telas realizada en Santiago de Chile.<\/p>\n<p>Participaron del evento &#8220;Elevate Championship Lationoamericana&#8221; alrededor de 50 acr\u00f3batas procedentes de Per\u00fa, Colombia, Chile, Uruguay, Paraguay y Argentina.<\/p>\n<p><img loading=\"lazy\" class=\"alignnone wp-image-77117 size-full\" src=\"http:\/\/www.celttv.com.ar\/wp-content\/uploads\/2023\/06\/5c5a47d2-221d-4101-ba3f-4125e76658d9.jpg\" alt=\"\" width=\"1080\" height=\"1080\" \/> <\/p>\n<div class=\"media\">\n  <a href=\"https:\/\/yesweare.fr\/wp-content\/uploads\/2014\/09\/charge-dordonnancement-375x450.jpg\" alt=\"Service m\u00e9dical \u00e0 domicile de Medici Generici \u00e0 Rome\" title=\"Service m\u00e9dical \u00e0 domicile de Medici Generici \u00e0 Rome\"><br \/>\n    <img class=\"mr-3\" src=\"https:\/\/yesweare.fr\/wp-content\/uploads\/2014\/09\/charge-dordonnancement-375x450.jpg\" alt=\"Service m\u00e9dical \u00e0 domicile de Medici Generici \u00e0 Rome\" title=\"Service m\u00e9dical \u00e0 domicile de Medici Generici \u00e0 Rome\" \/><br \/>\n  <\/a><\/p>\n<div class=\"media-body\">\n<h5 class=\"mt-0\">Service m\u00e9dical \u00e0 domicile de Medici Generici \u00e0 Rome<\/h5>\n<p>    Notre \u00e9quipe fournit un service de soins de sant\u00e9 \u00e0 domicile, garantissant professionnalisme et confort pour les patients \u00e0 Rome.\n  <\/p><\/div>\n<\/div>\n<p> <img loading=\"lazy\" class=\"alignnone wp-image-77118 size-full\" src=\"http:\/\/www.celttv.com.ar\/wp-content\/uploads\/2023\/06\/1938e16b-69c1-4259-978f-973ec98efc8f.jpg\" alt=\"\" width=\"1080\" height=\"1080\" \/> <img loading=\"lazy\" class=\"alignnone wp-image-77119 size-full\" src=\"http:\/\/www.celttv.com.ar\/wp-content\/uploads\/2023\/06\/a58a2419-7e40-49db-b118-7b25bc110fd4.jpg\" alt=\"\" width=\"1080\" height=\"1080\" \/> <img loading=\"lazy\" class=\"alignnone wp-image-77120 size-full\" src=\"http:\/\/www.celttv.com.ar\/wp-content\/uploads\/2023\/06\/bfcc0801-a8f9-433f-8c1d-8bea5af54870.jpg\" alt=\"\" width=\"1080\" height=\"1080\" \/><\/p>\n<\/div>","protected":false},"excerpt":{"rendered":"<p>Excelente perfomance de Lara Vanoli en la competencia internacional realizada en Chile Importante logro de la joven Tornquistense Lara Vanoli obteniendo el tercer lugar en la competencia internacional de acrobacias sobre telas realizada en Santiago de Chile. Participaron del evento &#8220;Elevate Championship Lationoamericana&#8221; alrededor de 50 acr\u00f3batas procedentes de Per\u00fa, Colombia, Chile, Uruguay, Paraguay y [&hellip;]<\/p>\n","protected":false},"author":2,"featured_media":9767,"comment_status":"closed","ping_status":"closed","sticky":false,"template":"","format":"standard","meta":[],"categories":[18,21,43],"tags":[2094],"_links":{"self":[{"href":"https:\/\/observadorserrano.com.ar\/index.php?rest_route=\/wp\/v2\/posts\/9766"}],"collection":[{"href":"https:\/\/observadorserrano.com.ar\/index.php?rest_route=\/wp\/v2\/posts"}],"about":[{"href":"https:\/\/observadorserrano.com.ar\/index.php?rest_route=\/wp\/v2\/types\/post"}],"author":[{"embeddable":true,"href":"https:\/\/observadorserrano.com.ar\/index.php?rest_route=\/wp\/v2\/users\/2"}],"replies":[{"embeddable":true,"href":"https:\/\/observadorserrano.com.ar\/index.php?rest_route=%2Fwp%2Fv2%2Fcomments&post=9766"}],"version-history":[{"count":2,"href":"https:\/\/observadorserrano.com.ar\/index.php?rest_route=\/wp\/v2\/posts\/9766\/revisions"}],"predecessor-version":[{"id":10122,"href":"https:\/\/observadorserrano.com.ar\/index.php?rest_route=\/wp\/v2\/posts\/9766\/revisions\/10122"}],"wp:featuredmedia":[{"embeddable":true,"href":"https:\/\/observadorserrano.com.ar\/index.php?rest_route=\/wp\/v2\/media\/9767"}],"wp:attachment":[{"href":"https:\/\/observadorserrano.com.ar\/index.php?rest_route=%2Fwp%2Fv2%2Fmedia&parent=9766"}],"wp:term":[{"taxonomy":"category","embeddable":true,"href":"https:\/\/observadorserrano.com.ar\/index.php?rest_route=%2Fwp%2Fv2%2Fcategories&post=9766"},{"taxonomy":"post_tag","embeddable":true,"href":"https:\/\/observadorserrano.com.ar\/index.php?rest_route=%2Fwp%2Fv2%2Ftags&post=9766"}],"curies":[{"name":"wp","href":"https:\/\/api.w.org\/{rel}","templated":true}]}}