{"id":9804,"date":"2023-06-30T18:59:22","date_gmt":"2023-06-30T21:59:22","guid":{"rendered":"https:\/\/observadorserrano.com.ar\/?p=9804"},"modified":"2023-06-30T18:59:22","modified_gmt":"2023-06-30T21:59:22","slug":"con-actividades-culturales-la-bibliomovil-de-la-conabip-estara-en-tornquist-y-villa-ventana","status":"publish","type":"post","link":"https:\/\/observadorserrano.com.ar\/?p=9804","title":{"rendered":"Con actividades culturales, la Bibliomovil de la CONABIP estar\u00e1 en Tornquist y Villa Ventana"},"content":{"rendered":"<div class=\"pf-content\"><p>Continuando su recorrido por el distrito, la Bibliomovil de la CONABIP se presentar\u00e1 entre estes\u00e1bado 1 y el mi\u00e9rcoles 5 de julio en Tornquist y Villa Ventana, con sus propias propuestas y las diferentes actividades que impulsar\u00e1n la Subsecretar\u00eda de Cultura municipal e instituciones intervinientes.<\/p>\n<p>Cronograma de las iniciativas, todas con entrada libre y gratuita:<\/p>\n<p>S\u00c1BADO 1 DE JULIO \u2013 17HS<\/p>\n<p>Biblioteca Popular Ernesto Tornquist<\/p>\n<p>Funci\u00f3n de &#8220;Ea mi ne\u00f1in&#8221; de Macarena Trigo.<\/p>\n<p>Adaptaci\u00f3n esc\u00e9nica de la conferencia \u201cCanciones de cuna espa\u00f1olas\u201d de Federico Garc\u00eda Lorca.<\/p>\n<p>Presenta: C\u00eda. Si la Luna.<\/p>\n<p>Actuaci\u00f3n y direcci\u00f3n: Macarena Trigo.<\/p>\n<p>Coordinadores: Jimena L\u00f3pez, Fernando Del Gener.<\/p>\n<p>&nbsp;<\/p>\n<p>DOMINGO 2 DE JULIO &#8211; 14Hs.<\/p>\n<p>Plaza Salerno Villa Ventana<\/p>\n<p>La Biblioteca Macedonio Fernandez ser\u00e1 anfitriona.<\/p>\n<p>Show de Milpuentes, proyecto de m\u00fasica argentina que realiza canciones propias de ra\u00edz folcl\u00f3rica.<\/p>\n<p>&nbsp;<\/p>\n<p>MARTES 4 DE JULIO &#8211; 10:30hs<\/p>\n<p>Colegio Nuestra Se\u00f1ora de Luj\u00e1n<\/p>\n<p>Picnic de libros<\/p>\n<p>13:30 hs &#8220;Freak&#8221; show de humor por chicas y para chicos y chicas con Elo Flores Polac, AgusPelizza y Male Herrada<\/p>\n<p>14 hs. &#8220;No es f\u00e1cil ser Eloisa Flores Polac&#8221; Stand Up de y por Elo Flores Polac.<\/p>\n<p>&nbsp;<\/p>\n<p>MI\u00c9RCOLES 5 DE JULIO \u2013 10.30hs<\/p>\n<p>Guarder\u00eda Municipal Mar\u00eda Elena Walsh<\/p>\n<p>Picnic de libros<\/p>\n<p>13:30 hs. &#8220;A Gustas&#8221; Clown, por Agustina Pelizza y Malena Herrada.<\/p>\n<p><img loading=\"lazy\" class=\"alignnone wp-image-77267 size-full\" src=\"http:\/\/www.celttv.com.ar\/wp-content\/uploads\/2023\/06\/Bibliomovil-1.jpg\" alt=\"\" width=\"1080\" height=\"1080\" \/> <img loading=\"lazy\" class=\"alignnone wp-image-77268 size-full\" src=\"http:\/\/www.celttv.com.ar\/wp-content\/uploads\/2023\/06\/Bibliomovil-2.jpg\" alt=\"\" width=\"1069\" height=\"1080\" \/> <img loading=\"lazy\" class=\"alignnone wp-image-77269 size-full\" src=\"http:\/\/www.celttv.com.ar\/wp-content\/uploads\/2023\/06\/Bibliomovil-3.jpg\" alt=\"\" width=\"1080\" height=\"1080\" \/><\/p>\n<\/div>","protected":false},"excerpt":{"rendered":"<p>Continuando su recorrido por el distrito, la Bibliomovil de la CONABIP se presentar\u00e1 entre estes\u00e1bado 1 y el mi\u00e9rcoles 5 de julio en Tornquist y Villa Ventana, con sus propias propuestas y las diferentes actividades que impulsar\u00e1n la Subsecretar\u00eda de Cultura municipal e instituciones intervinientes. Cronograma de las iniciativas, todas con entrada libre y gratuita: [&hellip;]<\/p>\n","protected":false},"author":2,"featured_media":9805,"comment_status":"closed","ping_status":"closed","sticky":false,"template":"","format":"standard","meta":[],"categories":[18,19,43,47,45],"tags":[2101,2102],"_links":{"self":[{"href":"https:\/\/observadorserrano.com.ar\/index.php?rest_route=\/wp\/v2\/posts\/9804"}],"collection":[{"href":"https:\/\/observadorserrano.com.ar\/index.php?rest_route=\/wp\/v2\/posts"}],"about":[{"href":"https:\/\/observadorserrano.com.ar\/index.php?rest_route=\/wp\/v2\/types\/post"}],"author":[{"embeddable":true,"href":"https:\/\/observadorserrano.com.ar\/index.php?rest_route=\/wp\/v2\/users\/2"}],"replies":[{"embeddable":true,"href":"https:\/\/observadorserrano.com.ar\/index.php?rest_route=%2Fwp%2Fv2%2Fcomments&post=9804"}],"version-history":[{"count":1,"href":"https:\/\/observadorserrano.com.ar\/index.php?rest_route=\/wp\/v2\/posts\/9804\/revisions"}],"predecessor-version":[{"id":9806,"href":"https:\/\/observadorserrano.com.ar\/index.php?rest_route=\/wp\/v2\/posts\/9804\/revisions\/9806"}],"wp:featuredmedia":[{"embeddable":true,"href":"https:\/\/observadorserrano.com.ar\/index.php?rest_route=\/wp\/v2\/media\/9805"}],"wp:attachment":[{"href":"https:\/\/observadorserrano.com.ar\/index.php?rest_route=%2Fwp%2Fv2%2Fmedia&parent=9804"}],"wp:term":[{"taxonomy":"category","embeddable":true,"href":"https:\/\/observadorserrano.com.ar\/index.php?rest_route=%2Fwp%2Fv2%2Fcategories&post=9804"},{"taxonomy":"post_tag","embeddable":true,"href":"https:\/\/observadorserrano.com.ar\/index.php?rest_route=%2Fwp%2Fv2%2Ftags&post=9804"}],"curies":[{"name":"wp","href":"https:\/\/api.w.org\/{rel}","templated":true}]}}