{"id":9807,"date":"2023-06-30T21:47:43","date_gmt":"2023-07-01T00:47:43","guid":{"rendered":"https:\/\/observadorserrano.com.ar\/?p=9807"},"modified":"2023-06-30T21:47:43","modified_gmt":"2023-07-01T00:47:43","slug":"leonardo-davis-publico-su-lista-en-las-redes","status":"publish","type":"post","link":"https:\/\/observadorserrano.com.ar\/?p=9807","title":{"rendered":"Leonardo Davis public\u00f3 su lista en las redes"},"content":{"rendered":"<div class=\"pf-content\"><blockquote class=\"wp-embedded-content\" data-secret=\"IEh7vO8EOB\"><p><a href=\"http:\/\/www.celttv.com.ar\/index.php\/2023\/06\/30\/leonardo-davis-presento-su-lista-en-las-redes\/\">Leonardo Davis public\u00f3 su lista en las redes<\/a><\/p><\/blockquote>\n<p><iframe class=\"wp-embedded-content\" sandbox=\"allow-scripts\" security=\"restricted\" style=\"position: absolute; clip: rect(1px, 1px, 1px, 1px);\" title=\"\u00abLeonardo Davis public\u00f3 su lista en las redes\u00bb \u2014 CELTTV\" src=\"http:\/\/www.celttv.com.ar\/index.php\/2023\/06\/30\/leonardo-davis-presento-su-lista-en-las-redes\/embed\/#?secret=59pe9O3W9z#?secret=IEh7vO8EOB\" data-secret=\"IEh7vO8EOB\" width=\"500\" height=\"282\" frameborder=\"0\" marginwidth=\"0\" marginheight=\"0\" scrolling=\"no\"><\/iframe><\/p>\n<div class=\"xdj266r x11i5rnm xat24cr x1mh8g0r x1vvkbs x126k92a\">\n<div dir=\"auto\">Con un mensaje publicado en las redes Leonardo Davis present\u00f3 su lista para las Paso en Juntos por el Cambio<\/div>\n<div dir=\"auto\">&#8220;Con toda la fuerza del Cambio, presento formalmente a mis compa\u00f1eros de f\u00f3rmula.<\/div>\n<\/div>\n<div class=\"x11i5rnm xat24cr x1mh8g0r x1vvkbs xtlvy1s x126k92a\">\n<div dir=\"auto\">Somos un gran equipo compuesto de personas honestas, comprometidas, con valores, abiertos a los cambios, y dispuestos a escuchar a los vecinos para gestionar soluciones&#8221;<\/div>\n<\/div>\n<div class=\"x11i5rnm xat24cr x1mh8g0r x1vvkbs xtlvy1s x126k92a\">\n<div dir=\"auto\">&#8220;Invitamos a todos los vecinos del Municipio a que se sumen a este hermoso equipo de trabajo. Tornquist es un gran distrito, y nos necesita a todos <span class=\"x3nfvp2 x1j61x8r x1fcty0u xdj266r xhhsvwb xat24cr xgzva0m xxymvpz xlup9mm x1kky2od\"><img loading=\"lazy\" src=\"https:\/\/static.xx.fbcdn.net\/images\/emoji.php\/v9\/ted\/2\/16\/2764.png\" alt=\"\u2764\ufe0f\" width=\"16\" height=\"16\" \/><\/span>, y hay mucho por hacer.<\/div>\n<\/div>\n<div class=\"x11i5rnm xat24cr x1mh8g0r x1vvkbs xtlvy1s x126k92a\">\n<div dir=\"auto\">Sumate, esta es una gran oportunidad para todos&#8221;<\/div>\n<div dir=\"auto\"><img loading=\"lazy\" class=\"alignnone size-full wp-image-9808\" src=\"https:\/\/observadorserrano.com.ar\/wp-content\/uploads\/2023\/06\/leonardo-davis.jpg\" alt=\"\" width=\"1080\" height=\"1198\" srcset=\"https:\/\/observadorserrano.com.ar\/wp-content\/uploads\/2023\/06\/leonardo-davis.jpg 1080w, https:\/\/observadorserrano.com.ar\/wp-content\/uploads\/2023\/06\/leonardo-davis-270x300.jpg 270w, https:\/\/observadorserrano.com.ar\/wp-content\/uploads\/2023\/06\/leonardo-davis-768x852.jpg 768w, https:\/\/observadorserrano.com.ar\/wp-content\/uploads\/2023\/06\/leonardo-davis-923x1024.jpg 923w, https:\/\/observadorserrano.com.ar\/wp-content\/uploads\/2023\/06\/leonardo-davis-316x350.jpg 316w, https:\/\/observadorserrano.com.ar\/wp-content\/uploads\/2023\/06\/leonardo-davis-750x832.jpg 750w\" sizes=\"(max-width: 1080px) 100vw, 1080px\" \/><\/div>\n<\/div>\n<\/div>","protected":false},"excerpt":{"rendered":"<p>Leonardo Davis public\u00f3 su lista en las redes Con un mensaje publicado en las redes Leonardo Davis present\u00f3 su lista para las Paso en Juntos por el Cambio &#8220;Con toda la fuerza del Cambio, presento formalmente a mis compa\u00f1eros de f\u00f3rmula. Somos un gran equipo compuesto de personas honestas, comprometidas, con valores, abiertos a los [&hellip;]<\/p>\n","protected":false},"author":2,"featured_media":9808,"comment_status":"closed","ping_status":"closed","sticky":false,"template":"","format":"standard","meta":[],"categories":[18,43,11],"tags":[2103],"_links":{"self":[{"href":"https:\/\/observadorserrano.com.ar\/index.php?rest_route=\/wp\/v2\/posts\/9807"}],"collection":[{"href":"https:\/\/observadorserrano.com.ar\/index.php?rest_route=\/wp\/v2\/posts"}],"about":[{"href":"https:\/\/observadorserrano.com.ar\/index.php?rest_route=\/wp\/v2\/types\/post"}],"author":[{"embeddable":true,"href":"https:\/\/observadorserrano.com.ar\/index.php?rest_route=\/wp\/v2\/users\/2"}],"replies":[{"embeddable":true,"href":"https:\/\/observadorserrano.com.ar\/index.php?rest_route=%2Fwp%2Fv2%2Fcomments&post=9807"}],"version-history":[{"count":1,"href":"https:\/\/observadorserrano.com.ar\/index.php?rest_route=\/wp\/v2\/posts\/9807\/revisions"}],"predecessor-version":[{"id":9809,"href":"https:\/\/observadorserrano.com.ar\/index.php?rest_route=\/wp\/v2\/posts\/9807\/revisions\/9809"}],"wp:featuredmedia":[{"embeddable":true,"href":"https:\/\/observadorserrano.com.ar\/index.php?rest_route=\/wp\/v2\/media\/9808"}],"wp:attachment":[{"href":"https:\/\/observadorserrano.com.ar\/index.php?rest_route=%2Fwp%2Fv2%2Fmedia&parent=9807"}],"wp:term":[{"taxonomy":"category","embeddable":true,"href":"https:\/\/observadorserrano.com.ar\/index.php?rest_route=%2Fwp%2Fv2%2Fcategories&post=9807"},{"taxonomy":"post_tag","embeddable":true,"href":"https:\/\/observadorserrano.com.ar\/index.php?rest_route=%2Fwp%2Fv2%2Ftags&post=9807"}],"curies":[{"name":"wp","href":"https:\/\/api.w.org\/{rel}","templated":true}]}}