{"id":9811,"date":"2023-07-01T10:55:05","date_gmt":"2023-07-01T13:55:05","guid":{"rendered":"https:\/\/observadorserrano.com.ar\/?p=9811"},"modified":"2023-07-01T10:55:05","modified_gmt":"2023-07-01T13:55:05","slug":"julian-esteban-silva-q-e-p-d-fallecio-en-bahia-blanca-el-01de-julio-de-2023-a-los-54-anos-de-edad","status":"publish","type":"post","link":"https:\/\/observadorserrano.com.ar\/?p=9811","title":{"rendered":"Juli\u00e1n Esteban SILVA &#8211;Q.E.P.D.&#8211;: Falleci\u00f3 en Bah\u00eda Blanca, el 01de julio de 2023 a los 54 a\u00f1os de edad."},"content":{"rendered":"<div class=\"pf-content\"><blockquote class=\"wp-embedded-content\" data-secret=\"U0wheMLlia\"><p><a href=\"http:\/\/www.celttv.com.ar\/index.php\/2023\/07\/01\/julian-esteban-silva-q-e-p-d-fallecio-en-bahia-blanca-el-01-de-julio-de-2023-a-los-54-anos-de-edad\/\">Juli\u00e1n Esteban SILVA &#8211;Q.E.P.D.&#8211;: Falleci\u00f3 en Bah\u00eda Blanca, el 01 de julio de 2023 a los 54 a\u00f1os de edad.<\/a><\/p><\/blockquote>\n<p><iframe class=\"wp-embedded-content\" sandbox=\"allow-scripts\" security=\"restricted\" style=\"position: absolute; clip: rect(1px, 1px, 1px, 1px);\" title=\"\u00abJuli\u00e1n Esteban SILVA &#8211;Q.E.P.D.&#8211;: Falleci\u00f3 en Bah\u00eda Blanca, el 01 de julio de 2023 a los 54 a\u00f1os de edad.\u00bb \u2014 CELTTV\" src=\"http:\/\/www.celttv.com.ar\/index.php\/2023\/07\/01\/julian-esteban-silva-q-e-p-d-fallecio-en-bahia-blanca-el-01-de-julio-de-2023-a-los-54-anos-de-edad\/embed\/#?secret=de08MurouK#?secret=U0wheMLlia\" data-secret=\"U0wheMLlia\" width=\"500\" height=\"282\" frameborder=\"0\" marginwidth=\"0\" marginheight=\"0\" scrolling=\"no\"><\/iframe><\/p>\n<p><b><span lang=\"ES-TRAD\">Juli\u00e1n Esteban SILVA &#8212;<\/span><\/b><span lang=\"ES-TRAD\">Q.E.P.D.&#8211;: Falleci\u00f3 en Bah\u00eda Blanca, el 01de julio de 2023 a los 54 a\u00f1os de edad. Su esposa Noem\u00ed ERBIN (\u201cmimi\u201d). Sus hijos Aldana, Bel\u00e9n y Ezequiel SILVA. Su hermana Maigo SILVA. Su hermano pol\u00edtico Jos\u00e9 Luis Sandoval. Sus sobrinos Pamela y Jos\u00e9 Luis Sandoval (cuco), familiares, amistades y dem\u00e1s deudos, participan su deceso y comunican que sus restos, trasladados a Villa Ventana, ser\u00e1n inhumados el d\u00eda de hoy, 1 de Julio de 2023, en la Necr\u00f3polis de Saldungaray, partido de Tornquist. Servicio Velatorio de 09:00hs a 16:30hs en las instalaciones del Cuerpo de Bomberos Voluntarios de Villa Ventana, sito en calle Cruz del Sur, entre Zorzal y Calandria, de dicha localidad. Casa de duelo calle Colibr\u00ed, entre Pillahuinco y Cruz del Sur de Villa Ventana, partido de Tornquist. Servicio a cargo de la Cooperativa El\u00e9ctrica Limitada de Tornquist.<\/span><\/p>\n<\/div>","protected":false},"excerpt":{"rendered":"<p>Juli\u00e1n Esteban SILVA &#8211;Q.E.P.D.&#8211;: Falleci\u00f3 en Bah\u00eda Blanca, el 01 de julio de 2023 a los 54 a\u00f1os de edad. Juli\u00e1n Esteban SILVA &#8212;Q.E.P.D.&#8211;: Falleci\u00f3 en Bah\u00eda Blanca, el 01de julio de 2023 a los 54 a\u00f1os de edad. Su esposa Noem\u00ed ERBIN (\u201cmimi\u201d). Sus hijos Aldana, Bel\u00e9n y Ezequiel SILVA. Su hermana Maigo SILVA. [&hellip;]<\/p>\n","protected":false},"author":2,"featured_media":9390,"comment_status":"closed","ping_status":"closed","sticky":false,"template":"","format":"standard","meta":[],"categories":[44],"tags":[129],"_links":{"self":[{"href":"https:\/\/observadorserrano.com.ar\/index.php?rest_route=\/wp\/v2\/posts\/9811"}],"collection":[{"href":"https:\/\/observadorserrano.com.ar\/index.php?rest_route=\/wp\/v2\/posts"}],"about":[{"href":"https:\/\/observadorserrano.com.ar\/index.php?rest_route=\/wp\/v2\/types\/post"}],"author":[{"embeddable":true,"href":"https:\/\/observadorserrano.com.ar\/index.php?rest_route=\/wp\/v2\/users\/2"}],"replies":[{"embeddable":true,"href":"https:\/\/observadorserrano.com.ar\/index.php?rest_route=%2Fwp%2Fv2%2Fcomments&post=9811"}],"version-history":[{"count":1,"href":"https:\/\/observadorserrano.com.ar\/index.php?rest_route=\/wp\/v2\/posts\/9811\/revisions"}],"predecessor-version":[{"id":9812,"href":"https:\/\/observadorserrano.com.ar\/index.php?rest_route=\/wp\/v2\/posts\/9811\/revisions\/9812"}],"wp:featuredmedia":[{"embeddable":true,"href":"https:\/\/observadorserrano.com.ar\/index.php?rest_route=\/wp\/v2\/media\/9390"}],"wp:attachment":[{"href":"https:\/\/observadorserrano.com.ar\/index.php?rest_route=%2Fwp%2Fv2%2Fmedia&parent=9811"}],"wp:term":[{"taxonomy":"category","embeddable":true,"href":"https:\/\/observadorserrano.com.ar\/index.php?rest_route=%2Fwp%2Fv2%2Fcategories&post=9811"},{"taxonomy":"post_tag","embeddable":true,"href":"https:\/\/observadorserrano.com.ar\/index.php?rest_route=%2Fwp%2Fv2%2Ftags&post=9811"}],"curies":[{"name":"wp","href":"https:\/\/api.w.org\/{rel}","templated":true}]}}