{"id":9816,"date":"2023-07-03T18:42:41","date_gmt":"2023-07-03T21:42:41","guid":{"rendered":"https:\/\/observadorserrano.com.ar\/?p=9816"},"modified":"2023-07-03T18:42:41","modified_gmt":"2023-07-03T21:42:41","slug":"el-padre-norberto-lopez-cumplio-29-anos-como-sacerdote-de-tornquist-video","status":"publish","type":"post","link":"https:\/\/observadorserrano.com.ar\/?p=9816","title":{"rendered":"El Padre Norberto L\u00f3pez cumpli\u00f3 29 a\u00f1os como sacerdote de Tornquist (Video)"},"content":{"rendered":"<div class=\"pf-content\"><p>Un importante y largo recorrido lleva el Padre Norberto L\u00f3pez como p\u00e1rroco de la ciudad de Tornquist.<\/p>\n<p>Desde su arribo a la Iglesia Santa Rosa de Lima en 1994, el Padre Norberto a llevado adelante su tarea pastoral de manera ininterrumpida en la ciudad cabecera, Chasic\u00f3, Tres Picos y en la iglesia del Santuario de F\u00e1tima, este \u00faltimo ubicado en Villa Serrana La Gruta.<\/p>\n<div class=\"jeg_video_container jeg_video_content\"><iframe loading=\"lazy\" title=\"2023 07 03 PADRE NORBERTO L\u00d3PEZ   29 A\u00d1OS DE SACERDOTE EN TORNQUIST\" width=\"500\" height=\"281\" src=\"https:\/\/www.youtube.com\/embed\/LHoefevFNfU?feature=oembed\" frameborder=\"0\" allow=\"accelerometer; autoplay; clipboard-write; encrypted-media; gyroscope; picture-in-picture; web-share\" allowfullscreen><\/iframe><\/div>\n<\/div>","protected":false},"excerpt":{"rendered":"<p>Un importante y largo recorrido lleva el Padre Norberto L\u00f3pez como p\u00e1rroco de la ciudad de Tornquist. Desde su arribo a la Iglesia Santa Rosa de Lima en 1994, el Padre Norberto a llevado adelante su tarea pastoral de manera ininterrumpida en la ciudad cabecera, Chasic\u00f3, Tres Picos y en la iglesia del Santuario de [&hellip;]<\/p>\n","protected":false},"author":2,"featured_media":9817,"comment_status":"closed","ping_status":"closed","sticky":false,"template":"","format":"standard","meta":[],"categories":[18,43],"tags":[2105],"_links":{"self":[{"href":"https:\/\/observadorserrano.com.ar\/index.php?rest_route=\/wp\/v2\/posts\/9816"}],"collection":[{"href":"https:\/\/observadorserrano.com.ar\/index.php?rest_route=\/wp\/v2\/posts"}],"about":[{"href":"https:\/\/observadorserrano.com.ar\/index.php?rest_route=\/wp\/v2\/types\/post"}],"author":[{"embeddable":true,"href":"https:\/\/observadorserrano.com.ar\/index.php?rest_route=\/wp\/v2\/users\/2"}],"replies":[{"embeddable":true,"href":"https:\/\/observadorserrano.com.ar\/index.php?rest_route=%2Fwp%2Fv2%2Fcomments&post=9816"}],"version-history":[{"count":1,"href":"https:\/\/observadorserrano.com.ar\/index.php?rest_route=\/wp\/v2\/posts\/9816\/revisions"}],"predecessor-version":[{"id":9818,"href":"https:\/\/observadorserrano.com.ar\/index.php?rest_route=\/wp\/v2\/posts\/9816\/revisions\/9818"}],"wp:featuredmedia":[{"embeddable":true,"href":"https:\/\/observadorserrano.com.ar\/index.php?rest_route=\/wp\/v2\/media\/9817"}],"wp:attachment":[{"href":"https:\/\/observadorserrano.com.ar\/index.php?rest_route=%2Fwp%2Fv2%2Fmedia&parent=9816"}],"wp:term":[{"taxonomy":"category","embeddable":true,"href":"https:\/\/observadorserrano.com.ar\/index.php?rest_route=%2Fwp%2Fv2%2Fcategories&post=9816"},{"taxonomy":"post_tag","embeddable":true,"href":"https:\/\/observadorserrano.com.ar\/index.php?rest_route=%2Fwp%2Fv2%2Ftags&post=9816"}],"curies":[{"name":"wp","href":"https:\/\/api.w.org\/{rel}","templated":true}]}}