{"id":9822,"date":"2023-07-03T20:59:17","date_gmt":"2023-07-03T23:59:17","guid":{"rendered":"https:\/\/observadorserrano.com.ar\/?p=9822"},"modified":"2023-07-03T20:59:17","modified_gmt":"2023-07-03T23:59:17","slug":"9822","status":"publish","type":"post","link":"https:\/\/observadorserrano.com.ar\/?p=9822","title":{"rendered":""},"content":{"rendered":"<div class=\"pf-content\"><blockquote class=\"wp-embedded-content\" data-secret=\"Db1KB2pRmx\"><p><a href=\"http:\/\/www.celttv.com.ar\/index.php\/2023\/07\/03\/veterano-de-guerra-de-malvinas-martin-americo-auce-q-e-p-d-fallecio-en-tornquist-el-03-de-julio-de-2023-a-los-73-anos-de-edad\/\">Veterano de Guerra de Malvinas Mart\u00edn Am\u00e9rico AUCE &#8211;Q.E.P.D.&#8211;: Falleci\u00f3 en Tornquist el 03 de Julio de 2023 a los 73 a\u00f1os de edad.<\/a><\/p><\/blockquote>\n<p><iframe class=\"wp-embedded-content\" sandbox=\"allow-scripts\" security=\"restricted\" style=\"position: absolute; clip: rect(1px, 1px, 1px, 1px);\" title=\"\u00abVeterano de Guerra de Malvinas Mart\u00edn Am\u00e9rico AUCE &#8211;Q.E.P.D.&#8211;: Falleci\u00f3 en Tornquist el 03 de Julio de 2023 a los 73 a\u00f1os de edad.\u00bb \u2014 CELTTV\" src=\"http:\/\/www.celttv.com.ar\/index.php\/2023\/07\/03\/veterano-de-guerra-de-malvinas-martin-americo-auce-q-e-p-d-fallecio-en-tornquist-el-03-de-julio-de-2023-a-los-73-anos-de-edad\/embed\/#?secret=us3mA8a8bX#?secret=Db1KB2pRmx\" data-secret=\"Db1KB2pRmx\" width=\"500\" height=\"282\" frameborder=\"0\" marginwidth=\"0\" marginheight=\"0\" scrolling=\"no\"><\/iframe><\/p>\n<p><span lang=\"ES-TRAD\">Veterano de Guerra de Malvinas Mart\u00edn Am\u00e9rico AUCE &#8212;<\/span><span lang=\"ES-TRAD\">Q.E.P.D.&#8211;: Falleci\u00f3 en Tornquist el 03 de Julio de 2023 a los 73 a\u00f1os de edad. Su esposa Teresa L\u00d3PEZ. Sus hijos Ariel, Paola, Pamela, Rodrigo, Tamara y Germ\u00e1n AUCE. Sus hijos pol\u00edticos Alejandra y Juan Jos\u00e9. Sus nietos Benjam\u00edn, Aldana, Maia, Francisco, Guadalupe, Ema, Kiara, Mart\u00edn, Myrko y Genaro. Sus hermanos Luis y Carina AUCE. Sus hermanos del coraz\u00f3n Miguel \u00c1ngel y Elsa. Sus hermanos pol\u00edticos, sobrinos, amistades y dem\u00e1s familiares participan su deceso y comunican que sus restos ser\u00e1n inhumados ma\u00f1ana (martes 04\/07) a las 12.00 horas en la necr\u00f3polis de nuestra localidad. Casa velatoria G\u00fcemes 236, Tornquist. Casa de duelo Pedro Safont\u00e1s 733, Tornquist. Servicio a cargo de\u00a0<u><\/u>la Cooperativa El\u00e9ctrica<u><\/u>\u00a0Limitada de Tornquist.<\/span><\/p>\n<\/div>","protected":false},"excerpt":{"rendered":"<p>Veterano de Guerra de Malvinas Mart\u00edn Am\u00e9rico AUCE &#8211;Q.E.P.D.&#8211;: Falleci\u00f3 en Tornquist el 03 de Julio de 2023 a los 73 a\u00f1os de edad. Veterano de Guerra de Malvinas Mart\u00edn Am\u00e9rico AUCE &#8212;Q.E.P.D.&#8211;: Falleci\u00f3 en Tornquist el 03 de Julio de 2023 a los 73 a\u00f1os de edad. Su esposa Teresa L\u00d3PEZ. Sus hijos Ariel, [&hellip;]<\/p>\n","protected":false},"author":2,"featured_media":9390,"comment_status":"closed","ping_status":"closed","sticky":false,"template":"","format":"standard","meta":[],"categories":[44],"tags":[147],"_links":{"self":[{"href":"https:\/\/observadorserrano.com.ar\/index.php?rest_route=\/wp\/v2\/posts\/9822"}],"collection":[{"href":"https:\/\/observadorserrano.com.ar\/index.php?rest_route=\/wp\/v2\/posts"}],"about":[{"href":"https:\/\/observadorserrano.com.ar\/index.php?rest_route=\/wp\/v2\/types\/post"}],"author":[{"embeddable":true,"href":"https:\/\/observadorserrano.com.ar\/index.php?rest_route=\/wp\/v2\/users\/2"}],"replies":[{"embeddable":true,"href":"https:\/\/observadorserrano.com.ar\/index.php?rest_route=%2Fwp%2Fv2%2Fcomments&post=9822"}],"version-history":[{"count":1,"href":"https:\/\/observadorserrano.com.ar\/index.php?rest_route=\/wp\/v2\/posts\/9822\/revisions"}],"predecessor-version":[{"id":9823,"href":"https:\/\/observadorserrano.com.ar\/index.php?rest_route=\/wp\/v2\/posts\/9822\/revisions\/9823"}],"wp:featuredmedia":[{"embeddable":true,"href":"https:\/\/observadorserrano.com.ar\/index.php?rest_route=\/wp\/v2\/media\/9390"}],"wp:attachment":[{"href":"https:\/\/observadorserrano.com.ar\/index.php?rest_route=%2Fwp%2Fv2%2Fmedia&parent=9822"}],"wp:term":[{"taxonomy":"category","embeddable":true,"href":"https:\/\/observadorserrano.com.ar\/index.php?rest_route=%2Fwp%2Fv2%2Fcategories&post=9822"},{"taxonomy":"post_tag","embeddable":true,"href":"https:\/\/observadorserrano.com.ar\/index.php?rest_route=%2Fwp%2Fv2%2Ftags&post=9822"}],"curies":[{"name":"wp","href":"https:\/\/api.w.org\/{rel}","templated":true}]}}