{"id":9841,"date":"2023-07-08T10:16:01","date_gmt":"2023-07-08T13:16:01","guid":{"rendered":"https:\/\/observadorserrano.com.ar\/?p=9841"},"modified":"2023-07-08T10:16:01","modified_gmt":"2023-07-08T13:16:01","slug":"benito-pablo-garcia-q-e-p-d-fallecio-en-tornquist-el-07-de-julio-de-2023-a-los-78-anos-de-edad","status":"publish","type":"post","link":"https:\/\/observadorserrano.com.ar\/?p=9841","title":{"rendered":"Benito Pablo GARCIA &#8211;Q.E.P.D.&#8211;: Falleci\u00f3 en Tornquist, el 07 de Julio de 2023 a los 78 a\u00f1os de edad."},"content":{"rendered":"<div class=\"pf-content\"><blockquote class=\"wp-embedded-content\" data-secret=\"vjaOIAP1xf\"><p><a href=\"http:\/\/www.celttv.com.ar\/index.php\/2023\/07\/08\/benito-pablo-garcia-q-e-p-d-fallecio-en-tornquist-el-07-de-julio-de-2023-a-los-78-anos-de-edad\/\">Benito Pablo GARCIA &#8211;Q.E.P.D.&#8211;: Falleci\u00f3 en Tornquist, el 07 de Julio de 2023 a los 78 a\u00f1os de edad.<\/a><\/p><\/blockquote>\n<p><iframe class=\"wp-embedded-content\" sandbox=\"allow-scripts\" security=\"restricted\" style=\"position: absolute; clip: rect(1px, 1px, 1px, 1px);\" title=\"\u00abBenito Pablo GARCIA &#8211;Q.E.P.D.&#8211;: Falleci\u00f3 en Tornquist, el 07 de Julio de 2023 a los 78 a\u00f1os de edad.\u00bb \u2014 CELTTV\" src=\"http:\/\/www.celttv.com.ar\/index.php\/2023\/07\/08\/benito-pablo-garcia-q-e-p-d-fallecio-en-tornquist-el-07-de-julio-de-2023-a-los-78-anos-de-edad\/embed\/#?secret=r21U7AqKws#?secret=vjaOIAP1xf\" data-secret=\"vjaOIAP1xf\" width=\"500\" height=\"282\" frameborder=\"0\" marginwidth=\"0\" marginheight=\"0\" scrolling=\"no\"><\/iframe><\/p>\n<p><b><span lang=\"ES-TRAD\">Benito Pablo GARCIA &#8212;<\/span><\/b><span lang=\"ES-TRAD\">Q.E.P.D.&#8211;: Falleci\u00f3 en Tornquist, el 07 de Julio de 2023 a los 78 a\u00f1os de edad. Sus hijos Lorena, Pablo, Virginia, Silvina, Sebasti\u00e1n, Paola, Ignacio, Mat\u00edas y Antonella GARCIA. Sus hijos pol\u00edticos Evangelina, Roberto, Mario, Emmanuel, Mari Sol y Heriberto. Sus nietos Mar\u00eda Luz, Santiago, Nicolas, Juan, Lautaro, Jos\u00e9 Mar\u00eda, Candela, Isabella, Ludmila, Lucas, Martina, Mateo, Agust\u00edn, Tomas, Eugenia, Milo, Valent\u00edn, Franccesco, Uriel, Francisco y Sim\u00f3n. Sus bisnietos Thiago, Clara y Franccesca. Sus hermanas Elena y Raquel GARCIA. Sus hermanos pol\u00edticos, sobrinos, amistades y dem\u00e1s deudos, participan su deceso y comunican que sus restos ser\u00e1n inhumados el d\u00eda de hoy 08 de Julio, las 16:00hs. en la necr\u00f3polis de Tornquist. Casa velatoria calle G\u00fcemes N\u00b0 236, Tornquist. Casa de duelo Avenida Ameghino N\u00b0 659\u00a0<\/span><\/p>\n<\/div>","protected":false},"excerpt":{"rendered":"<p>Benito Pablo GARCIA &#8211;Q.E.P.D.&#8211;: Falleci\u00f3 en Tornquist, el 07 de Julio de 2023 a los 78 a\u00f1os de edad. Benito Pablo GARCIA &#8212;Q.E.P.D.&#8211;: Falleci\u00f3 en Tornquist, el 07 de Julio de 2023 a los 78 a\u00f1os de edad. Sus hijos Lorena, Pablo, Virginia, Silvina, Sebasti\u00e1n, Paola, Ignacio, Mat\u00edas y Antonella GARCIA. Sus hijos pol\u00edticos Evangelina, [&hellip;]<\/p>\n","protected":false},"author":2,"featured_media":9390,"comment_status":"closed","ping_status":"closed","sticky":false,"template":"","format":"standard","meta":[],"categories":[44],"tags":[147],"_links":{"self":[{"href":"https:\/\/observadorserrano.com.ar\/index.php?rest_route=\/wp\/v2\/posts\/9841"}],"collection":[{"href":"https:\/\/observadorserrano.com.ar\/index.php?rest_route=\/wp\/v2\/posts"}],"about":[{"href":"https:\/\/observadorserrano.com.ar\/index.php?rest_route=\/wp\/v2\/types\/post"}],"author":[{"embeddable":true,"href":"https:\/\/observadorserrano.com.ar\/index.php?rest_route=\/wp\/v2\/users\/2"}],"replies":[{"embeddable":true,"href":"https:\/\/observadorserrano.com.ar\/index.php?rest_route=%2Fwp%2Fv2%2Fcomments&post=9841"}],"version-history":[{"count":1,"href":"https:\/\/observadorserrano.com.ar\/index.php?rest_route=\/wp\/v2\/posts\/9841\/revisions"}],"predecessor-version":[{"id":9842,"href":"https:\/\/observadorserrano.com.ar\/index.php?rest_route=\/wp\/v2\/posts\/9841\/revisions\/9842"}],"wp:featuredmedia":[{"embeddable":true,"href":"https:\/\/observadorserrano.com.ar\/index.php?rest_route=\/wp\/v2\/media\/9390"}],"wp:attachment":[{"href":"https:\/\/observadorserrano.com.ar\/index.php?rest_route=%2Fwp%2Fv2%2Fmedia&parent=9841"}],"wp:term":[{"taxonomy":"category","embeddable":true,"href":"https:\/\/observadorserrano.com.ar\/index.php?rest_route=%2Fwp%2Fv2%2Fcategories&post=9841"},{"taxonomy":"post_tag","embeddable":true,"href":"https:\/\/observadorserrano.com.ar\/index.php?rest_route=%2Fwp%2Fv2%2Ftags&post=9841"}],"curies":[{"name":"wp","href":"https:\/\/api.w.org\/{rel}","templated":true}]}}